{"id":10912,"date":"2025-05-27T18:15:03","date_gmt":"2025-05-27T16:15:03","guid":{"rendered":"https:\/\/fitex.it\/ciseaux-pour-tailler-les-caracteristiques-modeles-de-choix\/"},"modified":"2025-09-29T11:00:26","modified_gmt":"2025-09-29T09:00:26","slug":"tijeras-para-recortar-modelos-elegidos","status":"publish","type":"post","link":"https:\/\/www.fitex.it\/es\/tijeras-para-recortar-modelos-elegidos\/","title":{"rendered":"Tijeras de sastre: 5 caracter\u00edsticas clave a tener en cuenta"},"content":{"rendered":"","protected":false},"excerpt":{"rendered":"","protected":false},"author":5,"featured_media":10924,"comment_status":"open","ping_status":"open","sticky":false,"template":"","format":"standard","meta":{"_acf_changed":false,"inline_featured_image":false,"footnotes":""},"categories":[130,104],"tags":[86,87],"class_list":["post-10912","post","type-post","status-publish","format-standard","has-post-thumbnail","hentry","category-accesorios-de-sastreria","category-articulos","tag-ciseaux-de-tailleur-professionnel-sur-tissu-coupe-es","tag-tijeras-de-sastre-profesionales-en-tela-cortada"],"acf":[],"yoast_head":"<!-- This site is optimized with the Yoast SEO Premium plugin v26.7 (Yoast SEO v27.2) - https:\/\/yoast.com\/product\/yoast-seo-premium-wordpress\/ -->\n<title>Tijeras de sastre: gu\u00eda para elegir el modelo adecuado - Fitex<\/title>\n<meta name=\"description\" content=\"Conozca las 5 caracter\u00edsticas clave para elegir unas tijeras de sastrer\u00eda profesionales: materiales, hojas, mangos y tejidos.\" \/>\n<meta name=\"robots\" content=\"index, follow, max-snippet:-1, max-image-preview:large, max-video-preview:-1\" \/>\n<link rel=\"canonical\" href=\"https:\/\/www.fitex.it\/es\/tijeras-para-recortar-modelos-elegidos\/\" \/>\n<meta property=\"og:locale\" content=\"es_ES\" \/>\n<meta property=\"og:type\" content=\"article\" \/>\n<meta property=\"og:title\" content=\"Tijeras de sastre: 5 caracter\u00edsticas clave a tener en cuenta\" \/>\n<meta property=\"og:description\" content=\"Conozca las 5 caracter\u00edsticas clave para elegir unas tijeras de sastrer\u00eda profesionales: materiales, hojas, mangos y tejidos.\" \/>\n<meta property=\"og:url\" content=\"https:\/\/www.fitex.it\/es\/tijeras-para-recortar-modelos-elegidos\/\" \/>\n<meta property=\"og:site_name\" content=\"Fitex\" \/>\n<meta property=\"article:published_time\" content=\"2025-05-27T16:15:03+00:00\" \/>\n<meta property=\"article:modified_time\" content=\"2025-09-29T09:00:26+00:00\" \/>\n<meta property=\"og:image\" content=\"https:\/\/www.fitex.it\/wp-content\/uploads\/2025\/05\/s8tfk766.png\" \/>\n\t<meta property=\"og:image:width\" content=\"200\" \/>\n\t<meta property=\"og:image:height\" content=\"240\" \/>\n\t<meta property=\"og:image:type\" content=\"image\/png\" \/>\n<meta name=\"author\" content=\"MATO\" \/>\n<meta name=\"twitter:card\" content=\"summary_large_image\" \/>\n<meta name=\"twitter:label1\" content=\"Escrito por\" \/>\n\t<meta name=\"twitter:data1\" content=\"MATO\" \/>\n\t<meta name=\"twitter:label2\" content=\"Tiempo de lectura\" \/>\n\t<meta name=\"twitter:data2\" content=\"1 minuto\" \/>\n<script type=\"application\/ld+json\" class=\"yoast-schema-graph\">{\"@context\":\"https:\/\/schema.org\",\"@graph\":[{\"@type\":\"Article\",\"@id\":\"https:\/\/www.fitex.it\/es\/tijeras-para-recortar-modelos-elegidos\/#article\",\"isPartOf\":{\"@id\":\"https:\/\/www.fitex.it\/es\/tijeras-para-recortar-modelos-elegidos\/\"},\"author\":{\"name\":\"MATO\",\"@id\":\"https:\/\/www.fitex.it\/es\/#\/schema\/person\/fbef46fab3ab9b9c7cf34c7eebad9850\"},\"headline\":\"Tijeras de sastre: 5 caracter\u00edsticas clave a tener en cuenta\",\"datePublished\":\"2025-05-27T16:15:03+00:00\",\"dateModified\":\"2025-09-29T09:00:26+00:00\",\"mainEntityOfPage\":{\"@id\":\"https:\/\/www.fitex.it\/es\/tijeras-para-recortar-modelos-elegidos\/\"},\"wordCount\":10,\"commentCount\":0,\"publisher\":{\"@id\":\"https:\/\/www.fitex.it\/es\/#organization\"},\"image\":{\"@id\":\"https:\/\/www.fitex.it\/es\/tijeras-para-recortar-modelos-elegidos\/#primaryimage\"},\"thumbnailUrl\":\"https:\/\/www.fitex.it\/wp-content\/uploads\/2025\/05\/s8tfk766.png\",\"keywords\":[\"ciseaux de tailleur professionnel sur tissu coup\u00e9\",\"tijeras de sastre profesionales en tela cortada\"],\"articleSection\":[\"Accesorios de sastrer\u00eda\",\"Art\u00ecculos\"],\"inLanguage\":\"es\",\"potentialAction\":[{\"@type\":\"CommentAction\",\"name\":\"Comment\",\"target\":[\"https:\/\/www.fitex.it\/es\/tijeras-para-recortar-modelos-elegidos\/#respond\"]}]},{\"@type\":\"WebPage\",\"@id\":\"https:\/\/www.fitex.it\/es\/tijeras-para-recortar-modelos-elegidos\/\",\"url\":\"https:\/\/www.fitex.it\/es\/tijeras-para-recortar-modelos-elegidos\/\",\"name\":\"Tijeras de sastre: gu\u00eda para elegir el modelo adecuado - Fitex\",\"isPartOf\":{\"@id\":\"https:\/\/www.fitex.it\/es\/#website\"},\"primaryImageOfPage\":{\"@id\":\"https:\/\/www.fitex.it\/es\/tijeras-para-recortar-modelos-elegidos\/#primaryimage\"},\"image\":{\"@id\":\"https:\/\/www.fitex.it\/es\/tijeras-para-recortar-modelos-elegidos\/#primaryimage\"},\"thumbnailUrl\":\"https:\/\/www.fitex.it\/wp-content\/uploads\/2025\/05\/s8tfk766.png\",\"datePublished\":\"2025-05-27T16:15:03+00:00\",\"dateModified\":\"2025-09-29T09:00:26+00:00\",\"description\":\"Conozca las 5 caracter\u00edsticas clave para elegir unas tijeras de sastrer\u00eda profesionales: materiales, hojas, mangos y tejidos.\",\"breadcrumb\":{\"@id\":\"https:\/\/www.fitex.it\/es\/tijeras-para-recortar-modelos-elegidos\/#breadcrumb\"},\"inLanguage\":\"es\",\"potentialAction\":[{\"@type\":\"ReadAction\",\"target\":[\"https:\/\/www.fitex.it\/es\/tijeras-para-recortar-modelos-elegidos\/\"]}]},{\"@type\":\"ImageObject\",\"inLanguage\":\"es\",\"@id\":\"https:\/\/www.fitex.it\/es\/tijeras-para-recortar-modelos-elegidos\/#primaryimage\",\"url\":\"https:\/\/www.fitex.it\/wp-content\/uploads\/2025\/05\/s8tfk766.png\",\"contentUrl\":\"https:\/\/www.fitex.it\/wp-content\/uploads\/2025\/05\/s8tfk766.png\",\"width\":200,\"height\":240},{\"@type\":\"BreadcrumbList\",\"@id\":\"https:\/\/www.fitex.it\/es\/tijeras-para-recortar-modelos-elegidos\/#breadcrumb\",\"itemListElement\":[{\"@type\":\"ListItem\",\"position\":1,\"name\":\"Home\",\"item\":\"https:\/\/www.fitex.it\/es\/\"},{\"@type\":\"ListItem\",\"position\":2,\"name\":\"News\",\"item\":\"https:\/\/www.fitex.it\/es\/category\/news-es\/\"},{\"@type\":\"ListItem\",\"position\":3,\"name\":\"Tijeras de sastre: 5 caracter\u00edsticas clave a tener en cuenta\"}]},{\"@type\":\"WebSite\",\"@id\":\"https:\/\/www.fitex.it\/es\/#website\",\"url\":\"https:\/\/www.fitex.it\/es\/\",\"name\":\"Fitex\",\"description\":\"\",\"publisher\":{\"@id\":\"https:\/\/www.fitex.it\/es\/#organization\"},\"potentialAction\":[{\"@type\":\"SearchAction\",\"target\":{\"@type\":\"EntryPoint\",\"urlTemplate\":\"https:\/\/www.fitex.it\/es\/?s={search_term_string}\"},\"query-input\":{\"@type\":\"PropertyValueSpecification\",\"valueRequired\":true,\"valueName\":\"search_term_string\"}}],\"inLanguage\":\"es\"},{\"@type\":\"Organization\",\"@id\":\"https:\/\/www.fitex.it\/es\/#organization\",\"name\":\"Fitex\",\"url\":\"https:\/\/www.fitex.it\/es\/\",\"logo\":{\"@type\":\"ImageObject\",\"inLanguage\":\"es\",\"@id\":\"https:\/\/www.fitex.it\/es\/#\/schema\/logo\/image\/\",\"url\":\"https:\/\/fitex.it\/wp-content\/uploads\/2024\/07\/1646217215890_FITEX-20HD-20LOGO-1-scaled.jpg\",\"contentUrl\":\"https:\/\/fitex.it\/wp-content\/uploads\/2024\/07\/1646217215890_FITEX-20HD-20LOGO-1-scaled.jpg\",\"width\":2560,\"height\":723,\"caption\":\"Fitex\"},\"image\":{\"@id\":\"https:\/\/www.fitex.it\/es\/#\/schema\/logo\/image\/\"}},{\"@type\":\"Person\",\"@id\":\"https:\/\/www.fitex.it\/es\/#\/schema\/person\/fbef46fab3ab9b9c7cf34c7eebad9850\",\"name\":\"MATO\",\"image\":{\"@type\":\"ImageObject\",\"inLanguage\":\"es\",\"@id\":\"https:\/\/secure.gravatar.com\/avatar\/d89f63fccc4a849fb1c674e2d632d8e368c15b80129cc3c7afcf4df24c742c04?s=96&d=mm&r=g\",\"url\":\"https:\/\/secure.gravatar.com\/avatar\/d89f63fccc4a849fb1c674e2d632d8e368c15b80129cc3c7afcf4df24c742c04?s=96&d=mm&r=g\",\"contentUrl\":\"https:\/\/secure.gravatar.com\/avatar\/d89f63fccc4a849fb1c674e2d632d8e368c15b80129cc3c7afcf4df24c742c04?s=96&d=mm&r=g\",\"caption\":\"MATO\"},\"sameAs\":[\"http:\/\/www.matodigital.it\"],\"url\":\"https:\/\/www.fitex.it\/es\/author\/mato\/\"}]}<\/script>\n<!-- \/ Yoast SEO Premium plugin. -->","yoast_head_json":{"title":"Tijeras de sastre: gu\u00eda para elegir el modelo adecuado - Fitex","description":"Conozca las 5 caracter\u00edsticas clave para elegir unas tijeras de sastrer\u00eda profesionales: materiales, hojas, mangos y tejidos.","robots":{"index":"index","follow":"follow","max-snippet":"max-snippet:-1","max-image-preview":"max-image-preview:large","max-video-preview":"max-video-preview:-1"},"canonical":"https:\/\/www.fitex.it\/es\/tijeras-para-recortar-modelos-elegidos\/","og_locale":"es_ES","og_type":"article","og_title":"Tijeras de sastre: 5 caracter\u00edsticas clave a tener en cuenta","og_description":"Conozca las 5 caracter\u00edsticas clave para elegir unas tijeras de sastrer\u00eda profesionales: materiales, hojas, mangos y tejidos.","og_url":"https:\/\/www.fitex.it\/es\/tijeras-para-recortar-modelos-elegidos\/","og_site_name":"Fitex","article_published_time":"2025-05-27T16:15:03+00:00","article_modified_time":"2025-09-29T09:00:26+00:00","og_image":[{"width":200,"height":240,"url":"https:\/\/www.fitex.it\/wp-content\/uploads\/2025\/05\/s8tfk766.png","type":"image\/png"}],"author":"MATO","twitter_card":"summary_large_image","twitter_misc":{"Escrito por":"MATO","Tiempo de lectura":"1 minuto"},"schema":{"@context":"https:\/\/schema.org","@graph":[{"@type":"Article","@id":"https:\/\/www.fitex.it\/es\/tijeras-para-recortar-modelos-elegidos\/#article","isPartOf":{"@id":"https:\/\/www.fitex.it\/es\/tijeras-para-recortar-modelos-elegidos\/"},"author":{"name":"MATO","@id":"https:\/\/www.fitex.it\/es\/#\/schema\/person\/fbef46fab3ab9b9c7cf34c7eebad9850"},"headline":"Tijeras de sastre: 5 caracter\u00edsticas clave a tener en cuenta","datePublished":"2025-05-27T16:15:03+00:00","dateModified":"2025-09-29T09:00:26+00:00","mainEntityOfPage":{"@id":"https:\/\/www.fitex.it\/es\/tijeras-para-recortar-modelos-elegidos\/"},"wordCount":10,"commentCount":0,"publisher":{"@id":"https:\/\/www.fitex.it\/es\/#organization"},"image":{"@id":"https:\/\/www.fitex.it\/es\/tijeras-para-recortar-modelos-elegidos\/#primaryimage"},"thumbnailUrl":"https:\/\/www.fitex.it\/wp-content\/uploads\/2025\/05\/s8tfk766.png","keywords":["ciseaux de tailleur professionnel sur tissu coup\u00e9","tijeras de sastre profesionales en tela cortada"],"articleSection":["Accesorios de sastrer\u00eda","Art\u00ecculos"],"inLanguage":"es","potentialAction":[{"@type":"CommentAction","name":"Comment","target":["https:\/\/www.fitex.it\/es\/tijeras-para-recortar-modelos-elegidos\/#respond"]}]},{"@type":"WebPage","@id":"https:\/\/www.fitex.it\/es\/tijeras-para-recortar-modelos-elegidos\/","url":"https:\/\/www.fitex.it\/es\/tijeras-para-recortar-modelos-elegidos\/","name":"Tijeras de sastre: gu\u00eda para elegir el modelo adecuado - Fitex","isPartOf":{"@id":"https:\/\/www.fitex.it\/es\/#website"},"primaryImageOfPage":{"@id":"https:\/\/www.fitex.it\/es\/tijeras-para-recortar-modelos-elegidos\/#primaryimage"},"image":{"@id":"https:\/\/www.fitex.it\/es\/tijeras-para-recortar-modelos-elegidos\/#primaryimage"},"thumbnailUrl":"https:\/\/www.fitex.it\/wp-content\/uploads\/2025\/05\/s8tfk766.png","datePublished":"2025-05-27T16:15:03+00:00","dateModified":"2025-09-29T09:00:26+00:00","description":"Conozca las 5 caracter\u00edsticas clave para elegir unas tijeras de sastrer\u00eda profesionales: materiales, hojas, mangos y tejidos.","breadcrumb":{"@id":"https:\/\/www.fitex.it\/es\/tijeras-para-recortar-modelos-elegidos\/#breadcrumb"},"inLanguage":"es","potentialAction":[{"@type":"ReadAction","target":["https:\/\/www.fitex.it\/es\/tijeras-para-recortar-modelos-elegidos\/"]}]},{"@type":"ImageObject","inLanguage":"es","@id":"https:\/\/www.fitex.it\/es\/tijeras-para-recortar-modelos-elegidos\/#primaryimage","url":"https:\/\/www.fitex.it\/wp-content\/uploads\/2025\/05\/s8tfk766.png","contentUrl":"https:\/\/www.fitex.it\/wp-content\/uploads\/2025\/05\/s8tfk766.png","width":200,"height":240},{"@type":"BreadcrumbList","@id":"https:\/\/www.fitex.it\/es\/tijeras-para-recortar-modelos-elegidos\/#breadcrumb","itemListElement":[{"@type":"ListItem","position":1,"name":"Home","item":"https:\/\/www.fitex.it\/es\/"},{"@type":"ListItem","position":2,"name":"News","item":"https:\/\/www.fitex.it\/es\/category\/news-es\/"},{"@type":"ListItem","position":3,"name":"Tijeras de sastre: 5 caracter\u00edsticas clave a tener en cuenta"}]},{"@type":"WebSite","@id":"https:\/\/www.fitex.it\/es\/#website","url":"https:\/\/www.fitex.it\/es\/","name":"Fitex","description":"","publisher":{"@id":"https:\/\/www.fitex.it\/es\/#organization"},"potentialAction":[{"@type":"SearchAction","target":{"@type":"EntryPoint","urlTemplate":"https:\/\/www.fitex.it\/es\/?s={search_term_string}"},"query-input":{"@type":"PropertyValueSpecification","valueRequired":true,"valueName":"search_term_string"}}],"inLanguage":"es"},{"@type":"Organization","@id":"https:\/\/www.fitex.it\/es\/#organization","name":"Fitex","url":"https:\/\/www.fitex.it\/es\/","logo":{"@type":"ImageObject","inLanguage":"es","@id":"https:\/\/www.fitex.it\/es\/#\/schema\/logo\/image\/","url":"https:\/\/fitex.it\/wp-content\/uploads\/2024\/07\/1646217215890_FITEX-20HD-20LOGO-1-scaled.jpg","contentUrl":"https:\/\/fitex.it\/wp-content\/uploads\/2024\/07\/1646217215890_FITEX-20HD-20LOGO-1-scaled.jpg","width":2560,"height":723,"caption":"Fitex"},"image":{"@id":"https:\/\/www.fitex.it\/es\/#\/schema\/logo\/image\/"}},{"@type":"Person","@id":"https:\/\/www.fitex.it\/es\/#\/schema\/person\/fbef46fab3ab9b9c7cf34c7eebad9850","name":"MATO","image":{"@type":"ImageObject","inLanguage":"es","@id":"https:\/\/secure.gravatar.com\/avatar\/d89f63fccc4a849fb1c674e2d632d8e368c15b80129cc3c7afcf4df24c742c04?s=96&d=mm&r=g","url":"https:\/\/secure.gravatar.com\/avatar\/d89f63fccc4a849fb1c674e2d632d8e368c15b80129cc3c7afcf4df24c742c04?s=96&d=mm&r=g","contentUrl":"https:\/\/secure.gravatar.com\/avatar\/d89f63fccc4a849fb1c674e2d632d8e368c15b80129cc3c7afcf4df24c742c04?s=96&d=mm&r=g","caption":"MATO"},"sameAs":["http:\/\/www.matodigital.it"],"url":"https:\/\/www.fitex.it\/es\/author\/mato\/"}]}},"_links":{"self":[{"href":"https:\/\/www.fitex.it\/es\/wp-json\/wp\/v2\/posts\/10912","targetHints":{"allow":["GET"]}}],"collection":[{"href":"https:\/\/www.fitex.it\/es\/wp-json\/wp\/v2\/posts"}],"about":[{"href":"https:\/\/www.fitex.it\/es\/wp-json\/wp\/v2\/types\/post"}],"author":[{"embeddable":true,"href":"https:\/\/www.fitex.it\/es\/wp-json\/wp\/v2\/users\/5"}],"replies":[{"embeddable":true,"href":"https:\/\/www.fitex.it\/es\/wp-json\/wp\/v2\/comments?post=10912"}],"version-history":[{"count":4,"href":"https:\/\/www.fitex.it\/es\/wp-json\/wp\/v2\/posts\/10912\/revisions"}],"predecessor-version":[{"id":10916,"href":"https:\/\/www.fitex.it\/es\/wp-json\/wp\/v2\/posts\/10912\/revisions\/10916"}],"wp:featuredmedia":[{"embeddable":true,"href":"https:\/\/www.fitex.it\/es\/wp-json\/wp\/v2\/media\/10924"}],"wp:attachment":[{"href":"https:\/\/www.fitex.it\/es\/wp-json\/wp\/v2\/media?parent=10912"}],"wp:term":[{"taxonomy":"category","embeddable":true,"href":"https:\/\/www.fitex.it\/es\/wp-json\/wp\/v2\/categories?post=10912"},{"taxonomy":"post_tag","embeddable":true,"href":"https:\/\/www.fitex.it\/es\/wp-json\/wp\/v2\/tags?post=10912"}],"curies":[{"name":"wp","href":"https:\/\/api.w.org\/{rel}","templated":true}]}}