{"id":8469,"date":"2024-11-04T07:00:44","date_gmt":"2024-11-04T06:00:44","guid":{"rendered":"https:\/\/fitex.it\/ago-doppio-per-macchina-da-cucire-cose-come-si-usa-e-modelli\/"},"modified":"2025-09-29T10:44:39","modified_gmt":"2025-09-29T08:44:39","slug":"ago-doppio-per-macchina-da-cucire-cose-come-si-usa-e-modelli","status":"publish","type":"post","link":"https:\/\/www.fitex.it\/es\/ago-doppio-per-macchina-da-cucire-cose-come-si-usa-e-modelli\/","title":{"rendered":"Doble aguja para m\u00e1quinas de coser: qu\u00e9 es, c\u00f3mo se usa y modelos"},"content":{"rendered":"","protected":false},"excerpt":{"rendered":"","protected":false},"author":6,"featured_media":6996,"comment_status":"open","ping_status":"open","sticky":false,"template":"","format":"standard","meta":{"_acf_changed":false,"inline_featured_image":false,"footnotes":""},"categories":[128,104],"tags":[],"class_list":["post-8469","post","type-post","status-publish","format-standard","has-post-thumbnail","hentry","category-accesorios-de-costura","category-articulos"],"acf":[],"yoast_head":"<!-- This site is optimized with the Yoast SEO Premium plugin v26.7 (Yoast SEO v27.2) - https:\/\/yoast.com\/product\/yoast-seo-premium-wordpress\/ -->\n<title>Doble aguja para m\u00e1quinas de coser: qu\u00e9 es, c\u00f3mo se usa y modelos - Fitex<\/title>\n<meta name=\"description\" content=\"Fitex ti accompagna alla scoperta delle caratteristiche e delle funzionalit\u00e0 dell\u2019ago doppio per macchina da cucire, presentando una rassegna sulle principali applicazioni e dei migliori modelli sul mercato.\" \/>\n<meta name=\"robots\" content=\"index, follow, max-snippet:-1, max-image-preview:large, max-video-preview:-1\" \/>\n<link rel=\"canonical\" href=\"https:\/\/www.fitex.it\/es\/ago-doppio-per-macchina-da-cucire-cose-come-si-usa-e-modelli\/\" \/>\n<meta property=\"og:locale\" content=\"es_ES\" \/>\n<meta property=\"og:type\" content=\"article\" \/>\n<meta property=\"og:title\" content=\"Doble aguja para m\u00e1quinas de coser: qu\u00e9 es, c\u00f3mo se usa y modelos\" \/>\n<meta property=\"og:description\" content=\"Fitex ti accompagna alla scoperta delle caratteristiche e delle funzionalit\u00e0 dell\u2019ago doppio per macchina da cucire, presentando una rassegna sulle principali applicazioni e dei migliori modelli sul mercato.\" \/>\n<meta property=\"og:url\" content=\"https:\/\/www.fitex.it\/es\/ago-doppio-per-macchina-da-cucire-cose-come-si-usa-e-modelli\/\" \/>\n<meta property=\"og:site_name\" content=\"Fitex\" \/>\n<meta property=\"article:author\" content=\"https:\/\/www.facebook.com\/nadia.leonarduzzi.3\" \/>\n<meta property=\"article:published_time\" content=\"2024-11-04T06:00:44+00:00\" \/>\n<meta property=\"article:modified_time\" content=\"2025-09-29T08:44:39+00:00\" \/>\n<meta property=\"og:image\" content=\"https:\/\/www.fitex.it\/wp-content\/uploads\/2024\/09\/doppio-ago-per-macchina-da-cucire-scaled.jpg\" \/>\n\t<meta property=\"og:image:width\" content=\"2560\" \/>\n\t<meta property=\"og:image:height\" content=\"1920\" \/>\n\t<meta property=\"og:image:type\" content=\"image\/jpeg\" \/>\n<meta name=\"author\" content=\"Nadia Leonarduzzi\" \/>\n<meta name=\"twitter:card\" content=\"summary_large_image\" \/>\n<meta name=\"twitter:label1\" content=\"Escrito por\" \/>\n\t<meta name=\"twitter:data1\" content=\"Nadia Leonarduzzi\" \/>\n\t<meta name=\"twitter:label2\" content=\"Tiempo de lectura\" \/>\n\t<meta name=\"twitter:data2\" content=\"1 minuto\" \/>\n<script type=\"application\/ld+json\" class=\"yoast-schema-graph\">{\"@context\":\"https:\/\/schema.org\",\"@graph\":[{\"@type\":\"Article\",\"@id\":\"https:\/\/www.fitex.it\/es\/ago-doppio-per-macchina-da-cucire-cose-come-si-usa-e-modelli\/#article\",\"isPartOf\":{\"@id\":\"https:\/\/www.fitex.it\/es\/ago-doppio-per-macchina-da-cucire-cose-come-si-usa-e-modelli\/\"},\"author\":{\"name\":\"Nadia Leonarduzzi\",\"@id\":\"https:\/\/www.fitex.it\/es\/#\/schema\/person\/63218a3ebda02d51cceeb007090e8f9d\"},\"headline\":\"Doble aguja para m\u00e1quinas de coser: qu\u00e9 es, c\u00f3mo se usa y modelos\",\"datePublished\":\"2024-11-04T06:00:44+00:00\",\"dateModified\":\"2025-09-29T08:44:39+00:00\",\"mainEntityOfPage\":{\"@id\":\"https:\/\/www.fitex.it\/es\/ago-doppio-per-macchina-da-cucire-cose-come-si-usa-e-modelli\/\"},\"wordCount\":15,\"commentCount\":0,\"publisher\":{\"@id\":\"https:\/\/www.fitex.it\/es\/#organization\"},\"image\":{\"@id\":\"https:\/\/www.fitex.it\/es\/ago-doppio-per-macchina-da-cucire-cose-come-si-usa-e-modelli\/#primaryimage\"},\"thumbnailUrl\":\"https:\/\/www.fitex.it\/wp-content\/uploads\/2024\/09\/doppio-ago-per-macchina-da-cucire-scaled.jpg\",\"articleSection\":[\"Accesorios de costura\",\"Art\u00ecculos\"],\"inLanguage\":\"es\",\"potentialAction\":[{\"@type\":\"CommentAction\",\"name\":\"Comment\",\"target\":[\"https:\/\/www.fitex.it\/es\/ago-doppio-per-macchina-da-cucire-cose-come-si-usa-e-modelli\/#respond\"]}]},{\"@type\":\"WebPage\",\"@id\":\"https:\/\/www.fitex.it\/es\/ago-doppio-per-macchina-da-cucire-cose-come-si-usa-e-modelli\/\",\"url\":\"https:\/\/www.fitex.it\/es\/ago-doppio-per-macchina-da-cucire-cose-come-si-usa-e-modelli\/\",\"name\":\"Doble aguja para m\u00e1quinas de coser: qu\u00e9 es, c\u00f3mo se usa y modelos - Fitex\",\"isPartOf\":{\"@id\":\"https:\/\/www.fitex.it\/es\/#website\"},\"primaryImageOfPage\":{\"@id\":\"https:\/\/www.fitex.it\/es\/ago-doppio-per-macchina-da-cucire-cose-come-si-usa-e-modelli\/#primaryimage\"},\"image\":{\"@id\":\"https:\/\/www.fitex.it\/es\/ago-doppio-per-macchina-da-cucire-cose-come-si-usa-e-modelli\/#primaryimage\"},\"thumbnailUrl\":\"https:\/\/www.fitex.it\/wp-content\/uploads\/2024\/09\/doppio-ago-per-macchina-da-cucire-scaled.jpg\",\"datePublished\":\"2024-11-04T06:00:44+00:00\",\"dateModified\":\"2025-09-29T08:44:39+00:00\",\"description\":\"Fitex ti accompagna alla scoperta delle caratteristiche e delle funzionalit\u00e0 dell\u2019ago doppio per macchina da cucire, presentando una rassegna sulle principali applicazioni e dei migliori modelli sul mercato.\",\"breadcrumb\":{\"@id\":\"https:\/\/www.fitex.it\/es\/ago-doppio-per-macchina-da-cucire-cose-come-si-usa-e-modelli\/#breadcrumb\"},\"inLanguage\":\"es\",\"potentialAction\":[{\"@type\":\"ReadAction\",\"target\":[\"https:\/\/www.fitex.it\/es\/ago-doppio-per-macchina-da-cucire-cose-come-si-usa-e-modelli\/\"]}]},{\"@type\":\"ImageObject\",\"inLanguage\":\"es\",\"@id\":\"https:\/\/www.fitex.it\/es\/ago-doppio-per-macchina-da-cucire-cose-come-si-usa-e-modelli\/#primaryimage\",\"url\":\"https:\/\/www.fitex.it\/wp-content\/uploads\/2024\/09\/doppio-ago-per-macchina-da-cucire-scaled.jpg\",\"contentUrl\":\"https:\/\/www.fitex.it\/wp-content\/uploads\/2024\/09\/doppio-ago-per-macchina-da-cucire-scaled.jpg\",\"width\":2560,\"height\":1920},{\"@type\":\"BreadcrumbList\",\"@id\":\"https:\/\/www.fitex.it\/es\/ago-doppio-per-macchina-da-cucire-cose-come-si-usa-e-modelli\/#breadcrumb\",\"itemListElement\":[{\"@type\":\"ListItem\",\"position\":1,\"name\":\"Home\",\"item\":\"https:\/\/www.fitex.it\/es\/\"},{\"@type\":\"ListItem\",\"position\":2,\"name\":\"Art\u00ecculos\",\"item\":\"https:\/\/www.fitex.it\/es\/category\/articulos\/\"},{\"@type\":\"ListItem\",\"position\":3,\"name\":\"Doble aguja para m\u00e1quinas de coser: qu\u00e9 es, c\u00f3mo se usa y modelos\"}]},{\"@type\":\"WebSite\",\"@id\":\"https:\/\/www.fitex.it\/es\/#website\",\"url\":\"https:\/\/www.fitex.it\/es\/\",\"name\":\"Fitex\",\"description\":\"\",\"publisher\":{\"@id\":\"https:\/\/www.fitex.it\/es\/#organization\"},\"potentialAction\":[{\"@type\":\"SearchAction\",\"target\":{\"@type\":\"EntryPoint\",\"urlTemplate\":\"https:\/\/www.fitex.it\/es\/?s={search_term_string}\"},\"query-input\":{\"@type\":\"PropertyValueSpecification\",\"valueRequired\":true,\"valueName\":\"search_term_string\"}}],\"inLanguage\":\"es\"},{\"@type\":\"Organization\",\"@id\":\"https:\/\/www.fitex.it\/es\/#organization\",\"name\":\"Fitex\",\"url\":\"https:\/\/www.fitex.it\/es\/\",\"logo\":{\"@type\":\"ImageObject\",\"inLanguage\":\"es\",\"@id\":\"https:\/\/www.fitex.it\/es\/#\/schema\/logo\/image\/\",\"url\":\"https:\/\/fitex.it\/wp-content\/uploads\/2024\/07\/1646217215890_FITEX-20HD-20LOGO-1-scaled.jpg\",\"contentUrl\":\"https:\/\/fitex.it\/wp-content\/uploads\/2024\/07\/1646217215890_FITEX-20HD-20LOGO-1-scaled.jpg\",\"width\":2560,\"height\":723,\"caption\":\"Fitex\"},\"image\":{\"@id\":\"https:\/\/www.fitex.it\/es\/#\/schema\/logo\/image\/\"}},{\"@type\":\"Person\",\"@id\":\"https:\/\/www.fitex.it\/es\/#\/schema\/person\/63218a3ebda02d51cceeb007090e8f9d\",\"name\":\"Nadia Leonarduzzi\",\"image\":{\"@type\":\"ImageObject\",\"inLanguage\":\"es\",\"@id\":\"https:\/\/secure.gravatar.com\/avatar\/3bed15ddc29428892d723f7f6f48955515217095d969457ea45d2fad46b8598b?s=96&d=mm&r=g\",\"url\":\"https:\/\/secure.gravatar.com\/avatar\/3bed15ddc29428892d723f7f6f48955515217095d969457ea45d2fad46b8598b?s=96&d=mm&r=g\",\"contentUrl\":\"https:\/\/secure.gravatar.com\/avatar\/3bed15ddc29428892d723f7f6f48955515217095d969457ea45d2fad46b8598b?s=96&d=mm&r=g\",\"caption\":\"Nadia Leonarduzzi\"},\"description\":\"Co-fondatrice e socia operativa della FITEX S.r.l., con oltre 25 anni di esperienza diretta nella gestione strategica di clienti, logistica internazionale, amministrazione e coordinamento del personale. Figura chiave nello sviluppo e nella crescita dell'azienda, ho costruito la mia professionalit\u00e0 sulla base di competenze tecniche approfondite e di un approccio estremamente pragmatico ed efficiente. Gestisco quotidianamente operazioni complesse a livello nazionale e internazionale, con una visione d'insieme che spazia dalla logistica doganale alla contabilit\u00e0, fino alla gestione delle risorse umane. Precisione, leadership, capacit\u00e0 di delega e attitudine al problem solving completano il mio profilo professionale\",\"sameAs\":[\"https:\/\/fitex.it\",\"https:\/\/www.facebook.com\/nadia.leonarduzzi.3\",\"https:\/\/www.instagram.com\/nleonarduzzi\"],\"url\":\"https:\/\/www.fitex.it\/es\/author\/nadia-leonarduzzi\/\"}]}<\/script>\n<!-- \/ Yoast SEO Premium plugin. -->","yoast_head_json":{"title":"Doble aguja para m\u00e1quinas de coser: qu\u00e9 es, c\u00f3mo se usa y modelos - Fitex","description":"Fitex ti accompagna alla scoperta delle caratteristiche e delle funzionalit\u00e0 dell\u2019ago doppio per macchina da cucire, presentando una rassegna sulle principali applicazioni e dei migliori modelli sul mercato.","robots":{"index":"index","follow":"follow","max-snippet":"max-snippet:-1","max-image-preview":"max-image-preview:large","max-video-preview":"max-video-preview:-1"},"canonical":"https:\/\/www.fitex.it\/es\/ago-doppio-per-macchina-da-cucire-cose-come-si-usa-e-modelli\/","og_locale":"es_ES","og_type":"article","og_title":"Doble aguja para m\u00e1quinas de coser: qu\u00e9 es, c\u00f3mo se usa y modelos","og_description":"Fitex ti accompagna alla scoperta delle caratteristiche e delle funzionalit\u00e0 dell\u2019ago doppio per macchina da cucire, presentando una rassegna sulle principali applicazioni e dei migliori modelli sul mercato.","og_url":"https:\/\/www.fitex.it\/es\/ago-doppio-per-macchina-da-cucire-cose-come-si-usa-e-modelli\/","og_site_name":"Fitex","article_author":"https:\/\/www.facebook.com\/nadia.leonarduzzi.3","article_published_time":"2024-11-04T06:00:44+00:00","article_modified_time":"2025-09-29T08:44:39+00:00","og_image":[{"width":2560,"height":1920,"url":"https:\/\/www.fitex.it\/wp-content\/uploads\/2024\/09\/doppio-ago-per-macchina-da-cucire-scaled.jpg","type":"image\/jpeg"}],"author":"Nadia Leonarduzzi","twitter_card":"summary_large_image","twitter_misc":{"Escrito por":"Nadia Leonarduzzi","Tiempo de lectura":"1 minuto"},"schema":{"@context":"https:\/\/schema.org","@graph":[{"@type":"Article","@id":"https:\/\/www.fitex.it\/es\/ago-doppio-per-macchina-da-cucire-cose-come-si-usa-e-modelli\/#article","isPartOf":{"@id":"https:\/\/www.fitex.it\/es\/ago-doppio-per-macchina-da-cucire-cose-come-si-usa-e-modelli\/"},"author":{"name":"Nadia Leonarduzzi","@id":"https:\/\/www.fitex.it\/es\/#\/schema\/person\/63218a3ebda02d51cceeb007090e8f9d"},"headline":"Doble aguja para m\u00e1quinas de coser: qu\u00e9 es, c\u00f3mo se usa y modelos","datePublished":"2024-11-04T06:00:44+00:00","dateModified":"2025-09-29T08:44:39+00:00","mainEntityOfPage":{"@id":"https:\/\/www.fitex.it\/es\/ago-doppio-per-macchina-da-cucire-cose-come-si-usa-e-modelli\/"},"wordCount":15,"commentCount":0,"publisher":{"@id":"https:\/\/www.fitex.it\/es\/#organization"},"image":{"@id":"https:\/\/www.fitex.it\/es\/ago-doppio-per-macchina-da-cucire-cose-come-si-usa-e-modelli\/#primaryimage"},"thumbnailUrl":"https:\/\/www.fitex.it\/wp-content\/uploads\/2024\/09\/doppio-ago-per-macchina-da-cucire-scaled.jpg","articleSection":["Accesorios de costura","Art\u00ecculos"],"inLanguage":"es","potentialAction":[{"@type":"CommentAction","name":"Comment","target":["https:\/\/www.fitex.it\/es\/ago-doppio-per-macchina-da-cucire-cose-come-si-usa-e-modelli\/#respond"]}]},{"@type":"WebPage","@id":"https:\/\/www.fitex.it\/es\/ago-doppio-per-macchina-da-cucire-cose-come-si-usa-e-modelli\/","url":"https:\/\/www.fitex.it\/es\/ago-doppio-per-macchina-da-cucire-cose-come-si-usa-e-modelli\/","name":"Doble aguja para m\u00e1quinas de coser: qu\u00e9 es, c\u00f3mo se usa y modelos - Fitex","isPartOf":{"@id":"https:\/\/www.fitex.it\/es\/#website"},"primaryImageOfPage":{"@id":"https:\/\/www.fitex.it\/es\/ago-doppio-per-macchina-da-cucire-cose-come-si-usa-e-modelli\/#primaryimage"},"image":{"@id":"https:\/\/www.fitex.it\/es\/ago-doppio-per-macchina-da-cucire-cose-come-si-usa-e-modelli\/#primaryimage"},"thumbnailUrl":"https:\/\/www.fitex.it\/wp-content\/uploads\/2024\/09\/doppio-ago-per-macchina-da-cucire-scaled.jpg","datePublished":"2024-11-04T06:00:44+00:00","dateModified":"2025-09-29T08:44:39+00:00","description":"Fitex ti accompagna alla scoperta delle caratteristiche e delle funzionalit\u00e0 dell\u2019ago doppio per macchina da cucire, presentando una rassegna sulle principali applicazioni e dei migliori modelli sul mercato.","breadcrumb":{"@id":"https:\/\/www.fitex.it\/es\/ago-doppio-per-macchina-da-cucire-cose-come-si-usa-e-modelli\/#breadcrumb"},"inLanguage":"es","potentialAction":[{"@type":"ReadAction","target":["https:\/\/www.fitex.it\/es\/ago-doppio-per-macchina-da-cucire-cose-come-si-usa-e-modelli\/"]}]},{"@type":"ImageObject","inLanguage":"es","@id":"https:\/\/www.fitex.it\/es\/ago-doppio-per-macchina-da-cucire-cose-come-si-usa-e-modelli\/#primaryimage","url":"https:\/\/www.fitex.it\/wp-content\/uploads\/2024\/09\/doppio-ago-per-macchina-da-cucire-scaled.jpg","contentUrl":"https:\/\/www.fitex.it\/wp-content\/uploads\/2024\/09\/doppio-ago-per-macchina-da-cucire-scaled.jpg","width":2560,"height":1920},{"@type":"BreadcrumbList","@id":"https:\/\/www.fitex.it\/es\/ago-doppio-per-macchina-da-cucire-cose-come-si-usa-e-modelli\/#breadcrumb","itemListElement":[{"@type":"ListItem","position":1,"name":"Home","item":"https:\/\/www.fitex.it\/es\/"},{"@type":"ListItem","position":2,"name":"Art\u00ecculos","item":"https:\/\/www.fitex.it\/es\/category\/articulos\/"},{"@type":"ListItem","position":3,"name":"Doble aguja para m\u00e1quinas de coser: qu\u00e9 es, c\u00f3mo se usa y modelos"}]},{"@type":"WebSite","@id":"https:\/\/www.fitex.it\/es\/#website","url":"https:\/\/www.fitex.it\/es\/","name":"Fitex","description":"","publisher":{"@id":"https:\/\/www.fitex.it\/es\/#organization"},"potentialAction":[{"@type":"SearchAction","target":{"@type":"EntryPoint","urlTemplate":"https:\/\/www.fitex.it\/es\/?s={search_term_string}"},"query-input":{"@type":"PropertyValueSpecification","valueRequired":true,"valueName":"search_term_string"}}],"inLanguage":"es"},{"@type":"Organization","@id":"https:\/\/www.fitex.it\/es\/#organization","name":"Fitex","url":"https:\/\/www.fitex.it\/es\/","logo":{"@type":"ImageObject","inLanguage":"es","@id":"https:\/\/www.fitex.it\/es\/#\/schema\/logo\/image\/","url":"https:\/\/fitex.it\/wp-content\/uploads\/2024\/07\/1646217215890_FITEX-20HD-20LOGO-1-scaled.jpg","contentUrl":"https:\/\/fitex.it\/wp-content\/uploads\/2024\/07\/1646217215890_FITEX-20HD-20LOGO-1-scaled.jpg","width":2560,"height":723,"caption":"Fitex"},"image":{"@id":"https:\/\/www.fitex.it\/es\/#\/schema\/logo\/image\/"}},{"@type":"Person","@id":"https:\/\/www.fitex.it\/es\/#\/schema\/person\/63218a3ebda02d51cceeb007090e8f9d","name":"Nadia Leonarduzzi","image":{"@type":"ImageObject","inLanguage":"es","@id":"https:\/\/secure.gravatar.com\/avatar\/3bed15ddc29428892d723f7f6f48955515217095d969457ea45d2fad46b8598b?s=96&d=mm&r=g","url":"https:\/\/secure.gravatar.com\/avatar\/3bed15ddc29428892d723f7f6f48955515217095d969457ea45d2fad46b8598b?s=96&d=mm&r=g","contentUrl":"https:\/\/secure.gravatar.com\/avatar\/3bed15ddc29428892d723f7f6f48955515217095d969457ea45d2fad46b8598b?s=96&d=mm&r=g","caption":"Nadia Leonarduzzi"},"description":"Co-fondatrice e socia operativa della FITEX S.r.l., con oltre 25 anni di esperienza diretta nella gestione strategica di clienti, logistica internazionale, amministrazione e coordinamento del personale. Figura chiave nello sviluppo e nella crescita dell'azienda, ho costruito la mia professionalit\u00e0 sulla base di competenze tecniche approfondite e di un approccio estremamente pragmatico ed efficiente. Gestisco quotidianamente operazioni complesse a livello nazionale e internazionale, con una visione d'insieme che spazia dalla logistica doganale alla contabilit\u00e0, fino alla gestione delle risorse umane. Precisione, leadership, capacit\u00e0 di delega e attitudine al problem solving completano il mio profilo professionale","sameAs":["https:\/\/fitex.it","https:\/\/www.facebook.com\/nadia.leonarduzzi.3","https:\/\/www.instagram.com\/nleonarduzzi"],"url":"https:\/\/www.fitex.it\/es\/author\/nadia-leonarduzzi\/"}]}},"_links":{"self":[{"href":"https:\/\/www.fitex.it\/es\/wp-json\/wp\/v2\/posts\/8469","targetHints":{"allow":["GET"]}}],"collection":[{"href":"https:\/\/www.fitex.it\/es\/wp-json\/wp\/v2\/posts"}],"about":[{"href":"https:\/\/www.fitex.it\/es\/wp-json\/wp\/v2\/types\/post"}],"author":[{"embeddable":true,"href":"https:\/\/www.fitex.it\/es\/wp-json\/wp\/v2\/users\/6"}],"replies":[{"embeddable":true,"href":"https:\/\/www.fitex.it\/es\/wp-json\/wp\/v2\/comments?post=8469"}],"version-history":[{"count":5,"href":"https:\/\/www.fitex.it\/es\/wp-json\/wp\/v2\/posts\/8469\/revisions"}],"predecessor-version":[{"id":8474,"href":"https:\/\/www.fitex.it\/es\/wp-json\/wp\/v2\/posts\/8469\/revisions\/8474"}],"wp:featuredmedia":[{"embeddable":true,"href":"https:\/\/www.fitex.it\/es\/wp-json\/wp\/v2\/media\/6996"}],"wp:attachment":[{"href":"https:\/\/www.fitex.it\/es\/wp-json\/wp\/v2\/media?parent=8469"}],"wp:term":[{"taxonomy":"category","embeddable":true,"href":"https:\/\/www.fitex.it\/es\/wp-json\/wp\/v2\/categories?post=8469"},{"taxonomy":"post_tag","embeddable":true,"href":"https:\/\/www.fitex.it\/es\/wp-json\/wp\/v2\/tags?post=8469"}],"curies":[{"name":"wp","href":"https:\/\/api.w.org\/{rel}","templated":true}]}}