{"id":13486,"date":"2026-01-21T08:43:05","date_gmt":"2026-01-21T07:43:05","guid":{"rendered":"https:\/\/www.fitex.it\/news-21-01-2026\/"},"modified":"2026-01-21T08:53:24","modified_gmt":"2026-01-21T07:53:24","slug":"actualites-21-01-2026","status":"publish","type":"post","link":"https:\/\/www.fitex.it\/fr\/actualites-21-01-2026\/","title":{"rendered":"Actualit\u00e9s 21\/01\/2026"},"content":{"rendered":"","protected":false},"excerpt":{"rendered":"","protected":false},"author":2,"featured_media":13478,"comment_status":"closed","ping_status":"open","sticky":false,"template":"","format":"standard","meta":{"_acf_changed":false,"inline_featured_image":false,"footnotes":""},"categories":[56,145],"tags":[985,989,986,987],"class_list":["post-13486","post","type-post","status-publish","format-standard","has-post-thumbnail","hentry","category-news-du-blog","category-promotions-et-offres","tag-crochet","tag-dorigine","tag-ddl","tag-juki"],"acf":[],"yoast_head":"<!-- This site is optimized with the Yoast SEO Premium plugin v26.7 (Yoast SEO v27.2) - https:\/\/yoast.com\/product\/yoast-seo-premium-wordpress\/ -->\n<title>Actualit\u00e9s 21\/01\/2026 - Crochet DDL Juki d&#039;origine<\/title>\n<meta name=\"description\" content=\"Commandez notre crochet original pour les machines lin\u00e9aires Juki DDL quand vous le souhaitez. Catalogue JUKI sur notre application!\" \/>\n<meta name=\"robots\" content=\"index, follow, max-snippet:-1, max-image-preview:large, max-video-preview:-1\" \/>\n<link rel=\"canonical\" href=\"https:\/\/www.fitex.it\/fr\/actualites-21-01-2026\/\" \/>\n<meta property=\"og:locale\" content=\"fr_FR\" \/>\n<meta property=\"og:type\" content=\"article\" \/>\n<meta property=\"og:title\" content=\"Actualit\u00e9s 21\/01\/2026 - Crochet DDL Juki d&#039;origine\" \/>\n<meta property=\"og:description\" content=\"Commandez notre crochet original pour les machines lin\u00e9aires Juki DDL quand vous le souhaitez. Le catalogue Juki et les accessoires sont \u00e9galement disponibles dans l&#039;application FITEX, qui peut \u00eatre t\u00e9l\u00e9charg\u00e9e depuis notre site web www.fitex.it !\" \/>\n<meta property=\"og:url\" content=\"https:\/\/www.fitex.it\/fr\/actualites-21-01-2026\/\" \/>\n<meta property=\"og:site_name\" content=\"Fitex\" \/>\n<meta property=\"article:published_time\" content=\"2026-01-21T07:43:05+00:00\" \/>\n<meta property=\"article:modified_time\" content=\"2026-01-21T07:53:24+00:00\" \/>\n<meta property=\"og:image\" content=\"https:\/\/www.fitex.it\/wp-content\/uploads\/2026\/01\/prom244.jpg\" \/>\n\t<meta property=\"og:image:width\" content=\"1284\" \/>\n\t<meta property=\"og:image:height\" content=\"1197\" \/>\n\t<meta property=\"og:image:type\" content=\"image\/jpeg\" \/>\n<meta name=\"author\" content=\"Fabio Spizzico\" \/>\n<meta name=\"twitter:card\" content=\"summary_large_image\" \/>\n<meta name=\"twitter:title\" content=\"Actualit\u00e9s 21\/01\/2026\" \/>\n<meta name=\"twitter:label1\" content=\"\u00c9crit par\" \/>\n\t<meta name=\"twitter:data1\" content=\"Fabio Spizzico\" \/>\n\t<meta name=\"twitter:label2\" content=\"Dur\u00e9e de lecture estim\u00e9e\" \/>\n\t<meta name=\"twitter:data2\" content=\"1 minute\" \/>\n<script type=\"application\/ld+json\" class=\"yoast-schema-graph\">{\"@context\":\"https:\/\/schema.org\",\"@graph\":[{\"@type\":\"Article\",\"@id\":\"https:\/\/www.fitex.it\/fr\/actualites-21-01-2026\/#article\",\"isPartOf\":{\"@id\":\"https:\/\/www.fitex.it\/fr\/actualites-21-01-2026\/\"},\"author\":{\"name\":\"Fabio Spizzico\",\"@id\":\"https:\/\/www.fitex.it\/fr\/#\/schema\/person\/3c9f7a43da8640c181f9e70f94cddc21\"},\"headline\":\"Actualit\u00e9s 21\/01\/2026\",\"datePublished\":\"2026-01-21T07:43:05+00:00\",\"dateModified\":\"2026-01-21T07:53:24+00:00\",\"mainEntityOfPage\":{\"@id\":\"https:\/\/www.fitex.it\/fr\/actualites-21-01-2026\/\"},\"wordCount\":2,\"publisher\":{\"@id\":\"https:\/\/www.fitex.it\/fr\/#organization\"},\"image\":{\"@id\":\"https:\/\/www.fitex.it\/fr\/actualites-21-01-2026\/#primaryimage\"},\"thumbnailUrl\":\"https:\/\/www.fitex.it\/wp-content\/uploads\/2026\/01\/prom244.jpg\",\"keywords\":[\"crochet\",\"d'origine\",\"DDL\",\"Juki\"],\"articleSection\":[\"News\",\"Promotions et offres\"],\"inLanguage\":\"fr-FR\"},{\"@type\":\"WebPage\",\"@id\":\"https:\/\/www.fitex.it\/fr\/actualites-21-01-2026\/\",\"url\":\"https:\/\/www.fitex.it\/fr\/actualites-21-01-2026\/\",\"name\":\"Actualit\u00e9s 21\/01\/2026 - Crochet DDL Juki d'origine\",\"isPartOf\":{\"@id\":\"https:\/\/www.fitex.it\/fr\/#website\"},\"primaryImageOfPage\":{\"@id\":\"https:\/\/www.fitex.it\/fr\/actualites-21-01-2026\/#primaryimage\"},\"image\":{\"@id\":\"https:\/\/www.fitex.it\/fr\/actualites-21-01-2026\/#primaryimage\"},\"thumbnailUrl\":\"https:\/\/www.fitex.it\/wp-content\/uploads\/2026\/01\/prom244.jpg\",\"datePublished\":\"2026-01-21T07:43:05+00:00\",\"dateModified\":\"2026-01-21T07:53:24+00:00\",\"description\":\"Commandez notre crochet original pour les machines lin\u00e9aires Juki DDL quand vous le souhaitez. Catalogue JUKI sur notre application!\",\"breadcrumb\":{\"@id\":\"https:\/\/www.fitex.it\/fr\/actualites-21-01-2026\/#breadcrumb\"},\"inLanguage\":\"fr-FR\",\"potentialAction\":[{\"@type\":\"ReadAction\",\"target\":[\"https:\/\/www.fitex.it\/fr\/actualites-21-01-2026\/\"]}]},{\"@type\":\"ImageObject\",\"inLanguage\":\"fr-FR\",\"@id\":\"https:\/\/www.fitex.it\/fr\/actualites-21-01-2026\/#primaryimage\",\"url\":\"https:\/\/www.fitex.it\/wp-content\/uploads\/2026\/01\/prom244.jpg\",\"contentUrl\":\"https:\/\/www.fitex.it\/wp-content\/uploads\/2026\/01\/prom244.jpg\",\"width\":1284,\"height\":1197},{\"@type\":\"BreadcrumbList\",\"@id\":\"https:\/\/www.fitex.it\/fr\/actualites-21-01-2026\/#breadcrumb\",\"itemListElement\":[{\"@type\":\"ListItem\",\"position\":1,\"name\":\"Home\",\"item\":\"https:\/\/www.fitex.it\/fr\/\"},{\"@type\":\"ListItem\",\"position\":2,\"name\":\"News\",\"item\":\"https:\/\/www.fitex.it\/fr\/category\/news-du-blog\/\"},{\"@type\":\"ListItem\",\"position\":3,\"name\":\"Actualit\u00e9s 21\/01\/2026\"}]},{\"@type\":\"WebSite\",\"@id\":\"https:\/\/www.fitex.it\/fr\/#website\",\"url\":\"https:\/\/www.fitex.it\/fr\/\",\"name\":\"Fitex\",\"description\":\"\",\"publisher\":{\"@id\":\"https:\/\/www.fitex.it\/fr\/#organization\"},\"potentialAction\":[{\"@type\":\"SearchAction\",\"target\":{\"@type\":\"EntryPoint\",\"urlTemplate\":\"https:\/\/www.fitex.it\/fr\/?s={search_term_string}\"},\"query-input\":{\"@type\":\"PropertyValueSpecification\",\"valueRequired\":true,\"valueName\":\"search_term_string\"}}],\"inLanguage\":\"fr-FR\"},{\"@type\":\"Organization\",\"@id\":\"https:\/\/www.fitex.it\/fr\/#organization\",\"name\":\"Fitex\",\"url\":\"https:\/\/www.fitex.it\/fr\/\",\"logo\":{\"@type\":\"ImageObject\",\"inLanguage\":\"fr-FR\",\"@id\":\"https:\/\/www.fitex.it\/fr\/#\/schema\/logo\/image\/\",\"url\":\"https:\/\/fitex.it\/wp-content\/uploads\/2024\/07\/1646217215890_FITEX-20HD-20LOGO-1-scaled.jpg\",\"contentUrl\":\"https:\/\/fitex.it\/wp-content\/uploads\/2024\/07\/1646217215890_FITEX-20HD-20LOGO-1-scaled.jpg\",\"width\":2560,\"height\":723,\"caption\":\"Fitex\"},\"image\":{\"@id\":\"https:\/\/www.fitex.it\/fr\/#\/schema\/logo\/image\/\"}},{\"@type\":\"Person\",\"@id\":\"https:\/\/www.fitex.it\/fr\/#\/schema\/person\/3c9f7a43da8640c181f9e70f94cddc21\",\"name\":\"Fabio Spizzico\",\"image\":{\"@type\":\"ImageObject\",\"inLanguage\":\"fr-FR\",\"@id\":\"https:\/\/secure.gravatar.com\/avatar\/5e066426afcde536f31932961242fe38e82d9d22a33ea474e024d8ba29280b76?s=96&d=mm&r=g\",\"url\":\"https:\/\/secure.gravatar.com\/avatar\/5e066426afcde536f31932961242fe38e82d9d22a33ea474e024d8ba29280b76?s=96&d=mm&r=g\",\"contentUrl\":\"https:\/\/secure.gravatar.com\/avatar\/5e066426afcde536f31932961242fe38e82d9d22a33ea474e024d8ba29280b76?s=96&d=mm&r=g\",\"caption\":\"Fabio Spizzico\"},\"description\":\"Grafico e Social Media Manager dell'azienda Fitex S.r.l. Ho conseguito gli studi artistici prima al liceo e poi direttamente all'Accademia di Brera, dove ho conseguito la Laurea Triennale in Studi Scenografici per Teatro, Cinema e Televisione. Nella mia piccola carriera lavorativa, ho dato il mio supporto a diversi progetti indipendenti, fino ad arrivare a fare un'esperienza teatrale nel campo dei Villaggi turistici come scenografo ed allestitore dei vari spettacoli che proponeva la compagnia. Conseguendo studi indipendenti da Grafico e Design, sono arrivato in questa realt\u00e0 da ormai 3 anni Il mondo del cucito industriale ha portato, finora, nella mia esperienza, diverse visioni del mio lavoro, imparando che la creativit\u00e0 e l'arte possono passare anche per motivi differenti dalle solite correnti presentataci, come ad esempio il cucito e la sartoria.\",\"url\":\"https:\/\/www.fitex.it\/fr\/author\/fabio\/\"}]}<\/script>\n<!-- \/ Yoast SEO Premium plugin. -->","yoast_head_json":{"title":"Actualit\u00e9s 21\/01\/2026 - Crochet DDL Juki d'origine","description":"Commandez notre crochet original pour les machines lin\u00e9aires Juki DDL quand vous le souhaitez. Catalogue JUKI sur notre application!","robots":{"index":"index","follow":"follow","max-snippet":"max-snippet:-1","max-image-preview":"max-image-preview:large","max-video-preview":"max-video-preview:-1"},"canonical":"https:\/\/www.fitex.it\/fr\/actualites-21-01-2026\/","og_locale":"fr_FR","og_type":"article","og_title":"Actualit\u00e9s 21\/01\/2026 - Crochet DDL Juki d'origine","og_description":"Commandez notre crochet original pour les machines lin\u00e9aires Juki DDL quand vous le souhaitez. Le catalogue Juki et les accessoires sont \u00e9galement disponibles dans l'application FITEX, qui peut \u00eatre t\u00e9l\u00e9charg\u00e9e depuis notre site web www.fitex.it !","og_url":"https:\/\/www.fitex.it\/fr\/actualites-21-01-2026\/","og_site_name":"Fitex","article_published_time":"2026-01-21T07:43:05+00:00","article_modified_time":"2026-01-21T07:53:24+00:00","og_image":[{"width":1284,"height":1197,"url":"https:\/\/www.fitex.it\/wp-content\/uploads\/2026\/01\/prom244.jpg","type":"image\/jpeg"}],"author":"Fabio Spizzico","twitter_card":"summary_large_image","twitter_title":"Actualit\u00e9s 21\/01\/2026","twitter_misc":{"\u00c9crit par":"Fabio Spizzico","Dur\u00e9e de lecture estim\u00e9e":"1 minute"},"schema":{"@context":"https:\/\/schema.org","@graph":[{"@type":"Article","@id":"https:\/\/www.fitex.it\/fr\/actualites-21-01-2026\/#article","isPartOf":{"@id":"https:\/\/www.fitex.it\/fr\/actualites-21-01-2026\/"},"author":{"name":"Fabio Spizzico","@id":"https:\/\/www.fitex.it\/fr\/#\/schema\/person\/3c9f7a43da8640c181f9e70f94cddc21"},"headline":"Actualit\u00e9s 21\/01\/2026","datePublished":"2026-01-21T07:43:05+00:00","dateModified":"2026-01-21T07:53:24+00:00","mainEntityOfPage":{"@id":"https:\/\/www.fitex.it\/fr\/actualites-21-01-2026\/"},"wordCount":2,"publisher":{"@id":"https:\/\/www.fitex.it\/fr\/#organization"},"image":{"@id":"https:\/\/www.fitex.it\/fr\/actualites-21-01-2026\/#primaryimage"},"thumbnailUrl":"https:\/\/www.fitex.it\/wp-content\/uploads\/2026\/01\/prom244.jpg","keywords":["crochet","d'origine","DDL","Juki"],"articleSection":["News","Promotions et offres"],"inLanguage":"fr-FR"},{"@type":"WebPage","@id":"https:\/\/www.fitex.it\/fr\/actualites-21-01-2026\/","url":"https:\/\/www.fitex.it\/fr\/actualites-21-01-2026\/","name":"Actualit\u00e9s 21\/01\/2026 - Crochet DDL Juki d'origine","isPartOf":{"@id":"https:\/\/www.fitex.it\/fr\/#website"},"primaryImageOfPage":{"@id":"https:\/\/www.fitex.it\/fr\/actualites-21-01-2026\/#primaryimage"},"image":{"@id":"https:\/\/www.fitex.it\/fr\/actualites-21-01-2026\/#primaryimage"},"thumbnailUrl":"https:\/\/www.fitex.it\/wp-content\/uploads\/2026\/01\/prom244.jpg","datePublished":"2026-01-21T07:43:05+00:00","dateModified":"2026-01-21T07:53:24+00:00","description":"Commandez notre crochet original pour les machines lin\u00e9aires Juki DDL quand vous le souhaitez. Catalogue JUKI sur notre application!","breadcrumb":{"@id":"https:\/\/www.fitex.it\/fr\/actualites-21-01-2026\/#breadcrumb"},"inLanguage":"fr-FR","potentialAction":[{"@type":"ReadAction","target":["https:\/\/www.fitex.it\/fr\/actualites-21-01-2026\/"]}]},{"@type":"ImageObject","inLanguage":"fr-FR","@id":"https:\/\/www.fitex.it\/fr\/actualites-21-01-2026\/#primaryimage","url":"https:\/\/www.fitex.it\/wp-content\/uploads\/2026\/01\/prom244.jpg","contentUrl":"https:\/\/www.fitex.it\/wp-content\/uploads\/2026\/01\/prom244.jpg","width":1284,"height":1197},{"@type":"BreadcrumbList","@id":"https:\/\/www.fitex.it\/fr\/actualites-21-01-2026\/#breadcrumb","itemListElement":[{"@type":"ListItem","position":1,"name":"Home","item":"https:\/\/www.fitex.it\/fr\/"},{"@type":"ListItem","position":2,"name":"News","item":"https:\/\/www.fitex.it\/fr\/category\/news-du-blog\/"},{"@type":"ListItem","position":3,"name":"Actualit\u00e9s 21\/01\/2026"}]},{"@type":"WebSite","@id":"https:\/\/www.fitex.it\/fr\/#website","url":"https:\/\/www.fitex.it\/fr\/","name":"Fitex","description":"","publisher":{"@id":"https:\/\/www.fitex.it\/fr\/#organization"},"potentialAction":[{"@type":"SearchAction","target":{"@type":"EntryPoint","urlTemplate":"https:\/\/www.fitex.it\/fr\/?s={search_term_string}"},"query-input":{"@type":"PropertyValueSpecification","valueRequired":true,"valueName":"search_term_string"}}],"inLanguage":"fr-FR"},{"@type":"Organization","@id":"https:\/\/www.fitex.it\/fr\/#organization","name":"Fitex","url":"https:\/\/www.fitex.it\/fr\/","logo":{"@type":"ImageObject","inLanguage":"fr-FR","@id":"https:\/\/www.fitex.it\/fr\/#\/schema\/logo\/image\/","url":"https:\/\/fitex.it\/wp-content\/uploads\/2024\/07\/1646217215890_FITEX-20HD-20LOGO-1-scaled.jpg","contentUrl":"https:\/\/fitex.it\/wp-content\/uploads\/2024\/07\/1646217215890_FITEX-20HD-20LOGO-1-scaled.jpg","width":2560,"height":723,"caption":"Fitex"},"image":{"@id":"https:\/\/www.fitex.it\/fr\/#\/schema\/logo\/image\/"}},{"@type":"Person","@id":"https:\/\/www.fitex.it\/fr\/#\/schema\/person\/3c9f7a43da8640c181f9e70f94cddc21","name":"Fabio Spizzico","image":{"@type":"ImageObject","inLanguage":"fr-FR","@id":"https:\/\/secure.gravatar.com\/avatar\/5e066426afcde536f31932961242fe38e82d9d22a33ea474e024d8ba29280b76?s=96&d=mm&r=g","url":"https:\/\/secure.gravatar.com\/avatar\/5e066426afcde536f31932961242fe38e82d9d22a33ea474e024d8ba29280b76?s=96&d=mm&r=g","contentUrl":"https:\/\/secure.gravatar.com\/avatar\/5e066426afcde536f31932961242fe38e82d9d22a33ea474e024d8ba29280b76?s=96&d=mm&r=g","caption":"Fabio Spizzico"},"description":"Grafico e Social Media Manager dell'azienda Fitex S.r.l. Ho conseguito gli studi artistici prima al liceo e poi direttamente all'Accademia di Brera, dove ho conseguito la Laurea Triennale in Studi Scenografici per Teatro, Cinema e Televisione. Nella mia piccola carriera lavorativa, ho dato il mio supporto a diversi progetti indipendenti, fino ad arrivare a fare un'esperienza teatrale nel campo dei Villaggi turistici come scenografo ed allestitore dei vari spettacoli che proponeva la compagnia. Conseguendo studi indipendenti da Grafico e Design, sono arrivato in questa realt\u00e0 da ormai 3 anni Il mondo del cucito industriale ha portato, finora, nella mia esperienza, diverse visioni del mio lavoro, imparando che la creativit\u00e0 e l'arte possono passare anche per motivi differenti dalle solite correnti presentataci, come ad esempio il cucito e la sartoria.","url":"https:\/\/www.fitex.it\/fr\/author\/fabio\/"}]}},"_links":{"self":[{"href":"https:\/\/www.fitex.it\/fr\/wp-json\/wp\/v2\/posts\/13486","targetHints":{"allow":["GET"]}}],"collection":[{"href":"https:\/\/www.fitex.it\/fr\/wp-json\/wp\/v2\/posts"}],"about":[{"href":"https:\/\/www.fitex.it\/fr\/wp-json\/wp\/v2\/types\/post"}],"author":[{"embeddable":true,"href":"https:\/\/www.fitex.it\/fr\/wp-json\/wp\/v2\/users\/2"}],"replies":[{"embeddable":true,"href":"https:\/\/www.fitex.it\/fr\/wp-json\/wp\/v2\/comments?post=13486"}],"version-history":[{"count":2,"href":"https:\/\/www.fitex.it\/fr\/wp-json\/wp\/v2\/posts\/13486\/revisions"}],"predecessor-version":[{"id":13488,"href":"https:\/\/www.fitex.it\/fr\/wp-json\/wp\/v2\/posts\/13486\/revisions\/13488"}],"wp:featuredmedia":[{"embeddable":true,"href":"https:\/\/www.fitex.it\/fr\/wp-json\/wp\/v2\/media\/13478"}],"wp:attachment":[{"href":"https:\/\/www.fitex.it\/fr\/wp-json\/wp\/v2\/media?parent=13486"}],"wp:term":[{"taxonomy":"category","embeddable":true,"href":"https:\/\/www.fitex.it\/fr\/wp-json\/wp\/v2\/categories?post=13486"},{"taxonomy":"post_tag","embeddable":true,"href":"https:\/\/www.fitex.it\/fr\/wp-json\/wp\/v2\/tags?post=13486"}],"curies":[{"name":"wp","href":"https:\/\/api.w.org\/{rel}","templated":true}]}}