{"id":6359,"date":"2024-06-21T10:46:08","date_gmt":"2024-06-21T08:46:08","guid":{"rendered":"https:\/\/fitex.it\/macchina-da-cucire-seiko-caratteristiche-modelli-prezzi-ricambi\/"},"modified":"2026-04-27T16:28:26","modified_gmt":"2026-04-27T14:28:26","slug":"machine-a-coudre-seiko-caracteristiques-modeles-prix-pieces-de-rechange","status":"publish","type":"post","link":"https:\/\/www.fitex.it\/fr\/machine-a-coudre-seiko-caracteristiques-modeles-prix-pieces-de-rechange\/","title":{"rendered":"Machine \u00e0 coudre Seiko : caract\u00e9ristiques, mod\u00e8les, prix des pi\u00e8ces d\u00e9tach\u00e9es"},"content":{"rendered":"","protected":false},"excerpt":{"rendered":"","protected":false},"author":2,"featured_media":14718,"comment_status":"open","ping_status":"open","sticky":false,"template":"","format":"standard","meta":{"_acf_changed":false,"inline_featured_image":false,"footnotes":""},"categories":[103,134],"tags":[],"class_list":["post-6359","post","type-post","status-publish","format-standard","has-post-thumbnail","hentry","category-articles","category-machines-a-coudre"],"acf":[],"yoast_head":"<!-- This site is optimized with the Yoast SEO Premium plugin v26.7 (Yoast SEO v27.2) - https:\/\/yoast.com\/product\/yoast-seo-premium-wordpress\/ -->\n<title>Machine \u00e0 coudre Seiko : caract\u00e9ristiques e mod\u00e8les<\/title>\n<meta name=\"description\" content=\"Seiko fabrique des machines \u00e0 coudre de premi\u00e8re qualit\u00e9, assembl\u00e9es avec pr\u00e9cision et souci du d\u00e9tail : d\u00e9couvrez-en plus sur ses mod\u00e8les\" \/>\n<meta name=\"robots\" content=\"index, follow, max-snippet:-1, max-image-preview:large, max-video-preview:-1\" \/>\n<link rel=\"canonical\" href=\"https:\/\/www.fitex.it\/fr\/machine-a-coudre-seiko-caracteristiques-modeles-prix-pieces-de-rechange\/\" \/>\n<meta property=\"og:locale\" content=\"fr_FR\" \/>\n<meta property=\"og:type\" content=\"article\" \/>\n<meta property=\"og:title\" content=\"Machine \u00e0 coudre Seiko : caract\u00e9ristiques, mod\u00e8les, prix des pi\u00e8ces d\u00e9tach\u00e9es\" \/>\n<meta property=\"og:description\" content=\"Seiko fabrique des machines \u00e0 coudre de premi\u00e8re qualit\u00e9, assembl\u00e9es avec pr\u00e9cision et souci du d\u00e9tail : d\u00e9couvrez-en plus sur ses mod\u00e8les\" \/>\n<meta property=\"og:url\" content=\"https:\/\/www.fitex.it\/fr\/machine-a-coudre-seiko-caracteristiques-modeles-prix-pieces-de-rechange\/\" \/>\n<meta property=\"og:site_name\" content=\"Fitex\" \/>\n<meta property=\"article:published_time\" content=\"2024-06-21T08:46:08+00:00\" \/>\n<meta property=\"article:modified_time\" content=\"2026-04-27T14:28:26+00:00\" \/>\n<meta property=\"og:image\" content=\"https:\/\/www.fitex.it\/wp-content\/uploads\/2024\/06\/Seiko-8BLD-3-500x330a.jpg\" \/>\n\t<meta property=\"og:image:width\" content=\"500\" \/>\n\t<meta property=\"og:image:height\" content=\"330\" \/>\n\t<meta property=\"og:image:type\" content=\"image\/jpeg\" \/>\n<meta name=\"author\" content=\"Fabio Spizzico\" \/>\n<meta name=\"twitter:card\" content=\"summary_large_image\" \/>\n<meta name=\"twitter:title\" content=\"Machine \u00e0 coudre Seiko : caract\u00e9ristiques, mod\u00e8les, prix des pi\u00e8ces d\u00e9tach\u00e9es\" \/>\n<meta name=\"twitter:label1\" content=\"\u00c9crit par\" \/>\n\t<meta name=\"twitter:data1\" content=\"Fabio Spizzico\" \/>\n\t<meta name=\"twitter:label2\" content=\"Dur\u00e9e de lecture estim\u00e9e\" \/>\n\t<meta name=\"twitter:data2\" content=\"1 minute\" \/>\n<script type=\"application\/ld+json\" class=\"yoast-schema-graph\">{\"@context\":\"https:\/\/schema.org\",\"@graph\":[{\"@type\":\"Article\",\"@id\":\"https:\/\/www.fitex.it\/fr\/machine-a-coudre-seiko-caracteristiques-modeles-prix-pieces-de-rechange\/#article\",\"isPartOf\":{\"@id\":\"https:\/\/www.fitex.it\/fr\/machine-a-coudre-seiko-caracteristiques-modeles-prix-pieces-de-rechange\/\"},\"author\":{\"name\":\"Fabio Spizzico\",\"@id\":\"https:\/\/www.fitex.it\/fr\/#\/schema\/person\/3c9f7a43da8640c181f9e70f94cddc21\"},\"headline\":\"Machine \u00e0 coudre Seiko : caract\u00e9ristiques, mod\u00e8les, prix des pi\u00e8ces d\u00e9tach\u00e9es\",\"datePublished\":\"2024-06-21T08:46:08+00:00\",\"dateModified\":\"2026-04-27T14:28:26+00:00\",\"mainEntityOfPage\":{\"@id\":\"https:\/\/www.fitex.it\/fr\/machine-a-coudre-seiko-caracteristiques-modeles-prix-pieces-de-rechange\/\"},\"wordCount\":14,\"commentCount\":0,\"publisher\":{\"@id\":\"https:\/\/www.fitex.it\/fr\/#organization\"},\"image\":{\"@id\":\"https:\/\/www.fitex.it\/fr\/machine-a-coudre-seiko-caracteristiques-modeles-prix-pieces-de-rechange\/#primaryimage\"},\"thumbnailUrl\":\"https:\/\/www.fitex.it\/wp-content\/uploads\/2024\/06\/Seiko-8BLD-3-500x330a.jpg\",\"articleSection\":[\"Articles\",\"Machines \u00e0 coudre\"],\"inLanguage\":\"fr-FR\",\"potentialAction\":[{\"@type\":\"CommentAction\",\"name\":\"Comment\",\"target\":[\"https:\/\/www.fitex.it\/fr\/machine-a-coudre-seiko-caracteristiques-modeles-prix-pieces-de-rechange\/#respond\"]}]},{\"@type\":\"WebPage\",\"@id\":\"https:\/\/www.fitex.it\/fr\/machine-a-coudre-seiko-caracteristiques-modeles-prix-pieces-de-rechange\/\",\"url\":\"https:\/\/www.fitex.it\/fr\/machine-a-coudre-seiko-caracteristiques-modeles-prix-pieces-de-rechange\/\",\"name\":\"Machine \u00e0 coudre Seiko : caract\u00e9ristiques e mod\u00e8les\",\"isPartOf\":{\"@id\":\"https:\/\/www.fitex.it\/fr\/#website\"},\"primaryImageOfPage\":{\"@id\":\"https:\/\/www.fitex.it\/fr\/machine-a-coudre-seiko-caracteristiques-modeles-prix-pieces-de-rechange\/#primaryimage\"},\"image\":{\"@id\":\"https:\/\/www.fitex.it\/fr\/machine-a-coudre-seiko-caracteristiques-modeles-prix-pieces-de-rechange\/#primaryimage\"},\"thumbnailUrl\":\"https:\/\/www.fitex.it\/wp-content\/uploads\/2024\/06\/Seiko-8BLD-3-500x330a.jpg\",\"datePublished\":\"2024-06-21T08:46:08+00:00\",\"dateModified\":\"2026-04-27T14:28:26+00:00\",\"description\":\"Seiko fabrique des machines \u00e0 coudre de premi\u00e8re qualit\u00e9, assembl\u00e9es avec pr\u00e9cision et souci du d\u00e9tail : d\u00e9couvrez-en plus sur ses mod\u00e8les\",\"breadcrumb\":{\"@id\":\"https:\/\/www.fitex.it\/fr\/machine-a-coudre-seiko-caracteristiques-modeles-prix-pieces-de-rechange\/#breadcrumb\"},\"inLanguage\":\"fr-FR\",\"potentialAction\":[{\"@type\":\"ReadAction\",\"target\":[\"https:\/\/www.fitex.it\/fr\/machine-a-coudre-seiko-caracteristiques-modeles-prix-pieces-de-rechange\/\"]}]},{\"@type\":\"ImageObject\",\"inLanguage\":\"fr-FR\",\"@id\":\"https:\/\/www.fitex.it\/fr\/machine-a-coudre-seiko-caracteristiques-modeles-prix-pieces-de-rechange\/#primaryimage\",\"url\":\"https:\/\/www.fitex.it\/wp-content\/uploads\/2024\/06\/Seiko-8BLD-3-500x330a.jpg\",\"contentUrl\":\"https:\/\/www.fitex.it\/wp-content\/uploads\/2024\/06\/Seiko-8BLD-3-500x330a.jpg\",\"width\":500,\"height\":330},{\"@type\":\"BreadcrumbList\",\"@id\":\"https:\/\/www.fitex.it\/fr\/machine-a-coudre-seiko-caracteristiques-modeles-prix-pieces-de-rechange\/#breadcrumb\",\"itemListElement\":[{\"@type\":\"ListItem\",\"position\":1,\"name\":\"Home\",\"item\":\"https:\/\/www.fitex.it\/fr\/\"},{\"@type\":\"ListItem\",\"position\":2,\"name\":\"Articles\",\"item\":\"https:\/\/www.fitex.it\/fr\/category\/articles\/\"},{\"@type\":\"ListItem\",\"position\":3,\"name\":\"Machine \u00e0 coudre Seiko : caract\u00e9ristiques, mod\u00e8les, prix des pi\u00e8ces d\u00e9tach\u00e9es\"}]},{\"@type\":\"WebSite\",\"@id\":\"https:\/\/www.fitex.it\/fr\/#website\",\"url\":\"https:\/\/www.fitex.it\/fr\/\",\"name\":\"Fitex\",\"description\":\"\",\"publisher\":{\"@id\":\"https:\/\/www.fitex.it\/fr\/#organization\"},\"potentialAction\":[{\"@type\":\"SearchAction\",\"target\":{\"@type\":\"EntryPoint\",\"urlTemplate\":\"https:\/\/www.fitex.it\/fr\/?s={search_term_string}\"},\"query-input\":{\"@type\":\"PropertyValueSpecification\",\"valueRequired\":true,\"valueName\":\"search_term_string\"}}],\"inLanguage\":\"fr-FR\"},{\"@type\":\"Organization\",\"@id\":\"https:\/\/www.fitex.it\/fr\/#organization\",\"name\":\"Fitex\",\"url\":\"https:\/\/www.fitex.it\/fr\/\",\"logo\":{\"@type\":\"ImageObject\",\"inLanguage\":\"fr-FR\",\"@id\":\"https:\/\/www.fitex.it\/fr\/#\/schema\/logo\/image\/\",\"url\":\"https:\/\/fitex.it\/wp-content\/uploads\/2024\/07\/1646217215890_FITEX-20HD-20LOGO-1-scaled.jpg\",\"contentUrl\":\"https:\/\/fitex.it\/wp-content\/uploads\/2024\/07\/1646217215890_FITEX-20HD-20LOGO-1-scaled.jpg\",\"width\":2560,\"height\":723,\"caption\":\"Fitex\"},\"image\":{\"@id\":\"https:\/\/www.fitex.it\/fr\/#\/schema\/logo\/image\/\"}},{\"@type\":\"Person\",\"@id\":\"https:\/\/www.fitex.it\/fr\/#\/schema\/person\/3c9f7a43da8640c181f9e70f94cddc21\",\"name\":\"Fabio Spizzico\",\"image\":{\"@type\":\"ImageObject\",\"inLanguage\":\"fr-FR\",\"@id\":\"https:\/\/secure.gravatar.com\/avatar\/5e066426afcde536f31932961242fe38e82d9d22a33ea474e024d8ba29280b76?s=96&d=mm&r=g\",\"url\":\"https:\/\/secure.gravatar.com\/avatar\/5e066426afcde536f31932961242fe38e82d9d22a33ea474e024d8ba29280b76?s=96&d=mm&r=g\",\"contentUrl\":\"https:\/\/secure.gravatar.com\/avatar\/5e066426afcde536f31932961242fe38e82d9d22a33ea474e024d8ba29280b76?s=96&d=mm&r=g\",\"caption\":\"Fabio Spizzico\"},\"description\":\"Grafico e Social Media Manager dell'azienda Fitex S.r.l. Ho conseguito gli studi artistici prima al liceo e poi direttamente all'Accademia di Brera, dove ho conseguito la Laurea Triennale in Studi Scenografici per Teatro, Cinema e Televisione. Nella mia piccola carriera lavorativa, ho dato il mio supporto a diversi progetti indipendenti, fino ad arrivare a fare un'esperienza teatrale nel campo dei Villaggi turistici come scenografo ed allestitore dei vari spettacoli che proponeva la compagnia. Conseguendo studi indipendenti da Grafico e Design, sono arrivato in questa realt\u00e0 da ormai 3 anni Il mondo del cucito industriale ha portato, finora, nella mia esperienza, diverse visioni del mio lavoro, imparando che la creativit\u00e0 e l'arte possono passare anche per motivi differenti dalle solite correnti presentataci, come ad esempio il cucito e la sartoria.\",\"url\":\"https:\/\/www.fitex.it\/fr\/author\/fabio\/\"}]}<\/script>\n<!-- \/ Yoast SEO Premium plugin. -->","yoast_head_json":{"title":"Machine \u00e0 coudre Seiko : caract\u00e9ristiques e mod\u00e8les","description":"Seiko fabrique des machines \u00e0 coudre de premi\u00e8re qualit\u00e9, assembl\u00e9es avec pr\u00e9cision et souci du d\u00e9tail : d\u00e9couvrez-en plus sur ses mod\u00e8les","robots":{"index":"index","follow":"follow","max-snippet":"max-snippet:-1","max-image-preview":"max-image-preview:large","max-video-preview":"max-video-preview:-1"},"canonical":"https:\/\/www.fitex.it\/fr\/machine-a-coudre-seiko-caracteristiques-modeles-prix-pieces-de-rechange\/","og_locale":"fr_FR","og_type":"article","og_title":"Machine \u00e0 coudre Seiko : caract\u00e9ristiques, mod\u00e8les, prix des pi\u00e8ces d\u00e9tach\u00e9es","og_description":"Seiko fabrique des machines \u00e0 coudre de premi\u00e8re qualit\u00e9, assembl\u00e9es avec pr\u00e9cision et souci du d\u00e9tail : d\u00e9couvrez-en plus sur ses mod\u00e8les","og_url":"https:\/\/www.fitex.it\/fr\/machine-a-coudre-seiko-caracteristiques-modeles-prix-pieces-de-rechange\/","og_site_name":"Fitex","article_published_time":"2024-06-21T08:46:08+00:00","article_modified_time":"2026-04-27T14:28:26+00:00","og_image":[{"width":500,"height":330,"url":"https:\/\/www.fitex.it\/wp-content\/uploads\/2024\/06\/Seiko-8BLD-3-500x330a.jpg","type":"image\/jpeg"}],"author":"Fabio Spizzico","twitter_card":"summary_large_image","twitter_title":"Machine \u00e0 coudre Seiko : caract\u00e9ristiques, mod\u00e8les, prix des pi\u00e8ces d\u00e9tach\u00e9es","twitter_misc":{"\u00c9crit par":"Fabio Spizzico","Dur\u00e9e de lecture estim\u00e9e":"1 minute"},"schema":{"@context":"https:\/\/schema.org","@graph":[{"@type":"Article","@id":"https:\/\/www.fitex.it\/fr\/machine-a-coudre-seiko-caracteristiques-modeles-prix-pieces-de-rechange\/#article","isPartOf":{"@id":"https:\/\/www.fitex.it\/fr\/machine-a-coudre-seiko-caracteristiques-modeles-prix-pieces-de-rechange\/"},"author":{"name":"Fabio Spizzico","@id":"https:\/\/www.fitex.it\/fr\/#\/schema\/person\/3c9f7a43da8640c181f9e70f94cddc21"},"headline":"Machine \u00e0 coudre Seiko : caract\u00e9ristiques, mod\u00e8les, prix des pi\u00e8ces d\u00e9tach\u00e9es","datePublished":"2024-06-21T08:46:08+00:00","dateModified":"2026-04-27T14:28:26+00:00","mainEntityOfPage":{"@id":"https:\/\/www.fitex.it\/fr\/machine-a-coudre-seiko-caracteristiques-modeles-prix-pieces-de-rechange\/"},"wordCount":14,"commentCount":0,"publisher":{"@id":"https:\/\/www.fitex.it\/fr\/#organization"},"image":{"@id":"https:\/\/www.fitex.it\/fr\/machine-a-coudre-seiko-caracteristiques-modeles-prix-pieces-de-rechange\/#primaryimage"},"thumbnailUrl":"https:\/\/www.fitex.it\/wp-content\/uploads\/2024\/06\/Seiko-8BLD-3-500x330a.jpg","articleSection":["Articles","Machines \u00e0 coudre"],"inLanguage":"fr-FR","potentialAction":[{"@type":"CommentAction","name":"Comment","target":["https:\/\/www.fitex.it\/fr\/machine-a-coudre-seiko-caracteristiques-modeles-prix-pieces-de-rechange\/#respond"]}]},{"@type":"WebPage","@id":"https:\/\/www.fitex.it\/fr\/machine-a-coudre-seiko-caracteristiques-modeles-prix-pieces-de-rechange\/","url":"https:\/\/www.fitex.it\/fr\/machine-a-coudre-seiko-caracteristiques-modeles-prix-pieces-de-rechange\/","name":"Machine \u00e0 coudre Seiko : caract\u00e9ristiques e mod\u00e8les","isPartOf":{"@id":"https:\/\/www.fitex.it\/fr\/#website"},"primaryImageOfPage":{"@id":"https:\/\/www.fitex.it\/fr\/machine-a-coudre-seiko-caracteristiques-modeles-prix-pieces-de-rechange\/#primaryimage"},"image":{"@id":"https:\/\/www.fitex.it\/fr\/machine-a-coudre-seiko-caracteristiques-modeles-prix-pieces-de-rechange\/#primaryimage"},"thumbnailUrl":"https:\/\/www.fitex.it\/wp-content\/uploads\/2024\/06\/Seiko-8BLD-3-500x330a.jpg","datePublished":"2024-06-21T08:46:08+00:00","dateModified":"2026-04-27T14:28:26+00:00","description":"Seiko fabrique des machines \u00e0 coudre de premi\u00e8re qualit\u00e9, assembl\u00e9es avec pr\u00e9cision et souci du d\u00e9tail : d\u00e9couvrez-en plus sur ses mod\u00e8les","breadcrumb":{"@id":"https:\/\/www.fitex.it\/fr\/machine-a-coudre-seiko-caracteristiques-modeles-prix-pieces-de-rechange\/#breadcrumb"},"inLanguage":"fr-FR","potentialAction":[{"@type":"ReadAction","target":["https:\/\/www.fitex.it\/fr\/machine-a-coudre-seiko-caracteristiques-modeles-prix-pieces-de-rechange\/"]}]},{"@type":"ImageObject","inLanguage":"fr-FR","@id":"https:\/\/www.fitex.it\/fr\/machine-a-coudre-seiko-caracteristiques-modeles-prix-pieces-de-rechange\/#primaryimage","url":"https:\/\/www.fitex.it\/wp-content\/uploads\/2024\/06\/Seiko-8BLD-3-500x330a.jpg","contentUrl":"https:\/\/www.fitex.it\/wp-content\/uploads\/2024\/06\/Seiko-8BLD-3-500x330a.jpg","width":500,"height":330},{"@type":"BreadcrumbList","@id":"https:\/\/www.fitex.it\/fr\/machine-a-coudre-seiko-caracteristiques-modeles-prix-pieces-de-rechange\/#breadcrumb","itemListElement":[{"@type":"ListItem","position":1,"name":"Home","item":"https:\/\/www.fitex.it\/fr\/"},{"@type":"ListItem","position":2,"name":"Articles","item":"https:\/\/www.fitex.it\/fr\/category\/articles\/"},{"@type":"ListItem","position":3,"name":"Machine \u00e0 coudre Seiko : caract\u00e9ristiques, mod\u00e8les, prix des pi\u00e8ces d\u00e9tach\u00e9es"}]},{"@type":"WebSite","@id":"https:\/\/www.fitex.it\/fr\/#website","url":"https:\/\/www.fitex.it\/fr\/","name":"Fitex","description":"","publisher":{"@id":"https:\/\/www.fitex.it\/fr\/#organization"},"potentialAction":[{"@type":"SearchAction","target":{"@type":"EntryPoint","urlTemplate":"https:\/\/www.fitex.it\/fr\/?s={search_term_string}"},"query-input":{"@type":"PropertyValueSpecification","valueRequired":true,"valueName":"search_term_string"}}],"inLanguage":"fr-FR"},{"@type":"Organization","@id":"https:\/\/www.fitex.it\/fr\/#organization","name":"Fitex","url":"https:\/\/www.fitex.it\/fr\/","logo":{"@type":"ImageObject","inLanguage":"fr-FR","@id":"https:\/\/www.fitex.it\/fr\/#\/schema\/logo\/image\/","url":"https:\/\/fitex.it\/wp-content\/uploads\/2024\/07\/1646217215890_FITEX-20HD-20LOGO-1-scaled.jpg","contentUrl":"https:\/\/fitex.it\/wp-content\/uploads\/2024\/07\/1646217215890_FITEX-20HD-20LOGO-1-scaled.jpg","width":2560,"height":723,"caption":"Fitex"},"image":{"@id":"https:\/\/www.fitex.it\/fr\/#\/schema\/logo\/image\/"}},{"@type":"Person","@id":"https:\/\/www.fitex.it\/fr\/#\/schema\/person\/3c9f7a43da8640c181f9e70f94cddc21","name":"Fabio Spizzico","image":{"@type":"ImageObject","inLanguage":"fr-FR","@id":"https:\/\/secure.gravatar.com\/avatar\/5e066426afcde536f31932961242fe38e82d9d22a33ea474e024d8ba29280b76?s=96&d=mm&r=g","url":"https:\/\/secure.gravatar.com\/avatar\/5e066426afcde536f31932961242fe38e82d9d22a33ea474e024d8ba29280b76?s=96&d=mm&r=g","contentUrl":"https:\/\/secure.gravatar.com\/avatar\/5e066426afcde536f31932961242fe38e82d9d22a33ea474e024d8ba29280b76?s=96&d=mm&r=g","caption":"Fabio Spizzico"},"description":"Grafico e Social Media Manager dell'azienda Fitex S.r.l. Ho conseguito gli studi artistici prima al liceo e poi direttamente all'Accademia di Brera, dove ho conseguito la Laurea Triennale in Studi Scenografici per Teatro, Cinema e Televisione. Nella mia piccola carriera lavorativa, ho dato il mio supporto a diversi progetti indipendenti, fino ad arrivare a fare un'esperienza teatrale nel campo dei Villaggi turistici come scenografo ed allestitore dei vari spettacoli che proponeva la compagnia. Conseguendo studi indipendenti da Grafico e Design, sono arrivato in questa realt\u00e0 da ormai 3 anni Il mondo del cucito industriale ha portato, finora, nella mia esperienza, diverse visioni del mio lavoro, imparando che la creativit\u00e0 e l'arte possono passare anche per motivi differenti dalle solite correnti presentataci, come ad esempio il cucito e la sartoria.","url":"https:\/\/www.fitex.it\/fr\/author\/fabio\/"}]}},"_links":{"self":[{"href":"https:\/\/www.fitex.it\/fr\/wp-json\/wp\/v2\/posts\/6359","targetHints":{"allow":["GET"]}}],"collection":[{"href":"https:\/\/www.fitex.it\/fr\/wp-json\/wp\/v2\/posts"}],"about":[{"href":"https:\/\/www.fitex.it\/fr\/wp-json\/wp\/v2\/types\/post"}],"author":[{"embeddable":true,"href":"https:\/\/www.fitex.it\/fr\/wp-json\/wp\/v2\/users\/2"}],"replies":[{"embeddable":true,"href":"https:\/\/www.fitex.it\/fr\/wp-json\/wp\/v2\/comments?post=6359"}],"version-history":[{"count":6,"href":"https:\/\/www.fitex.it\/fr\/wp-json\/wp\/v2\/posts\/6359\/revisions"}],"predecessor-version":[{"id":14727,"href":"https:\/\/www.fitex.it\/fr\/wp-json\/wp\/v2\/posts\/6359\/revisions\/14727"}],"wp:featuredmedia":[{"embeddable":true,"href":"https:\/\/www.fitex.it\/fr\/wp-json\/wp\/v2\/media\/14718"}],"wp:attachment":[{"href":"https:\/\/www.fitex.it\/fr\/wp-json\/wp\/v2\/media?parent=6359"}],"wp:term":[{"taxonomy":"category","embeddable":true,"href":"https:\/\/www.fitex.it\/fr\/wp-json\/wp\/v2\/categories?post=6359"},{"taxonomy":"post_tag","embeddable":true,"href":"https:\/\/www.fitex.it\/fr\/wp-json\/wp\/v2\/tags?post=6359"}],"curies":[{"name":"wp","href":"https:\/\/api.w.org\/{rel}","templated":true}]}}