{"id":6486,"date":"2024-06-07T10:40:30","date_gmt":"2024-06-07T08:40:30","guid":{"rendered":"https:\/\/fitex.it\/macchina-per-cucire-singer-caratteristiche-modelli-e-prezzi-ricambi\/"},"modified":"2025-09-25T15:19:23","modified_gmt":"2025-09-25T13:19:23","slug":"macchina-per-cucire-singer-caratteristiche-modelli-e-prezzi-ricambi","status":"publish","type":"post","link":"https:\/\/www.fitex.it\/fr\/macchina-per-cucire-singer-caratteristiche-modelli-e-prezzi-ricambi\/","title":{"rendered":"Machine \u00e0 coudre Singer : caract\u00e9ristiques, mod\u00e8les et prix des pi\u00e8ces d\u00e9tach\u00e9es"},"content":{"rendered":"","protected":false},"excerpt":{"rendered":"","protected":false},"author":6,"featured_media":0,"comment_status":"open","ping_status":"open","sticky":false,"template":"","format":"standard","meta":{"_acf_changed":false,"inline_featured_image":false,"footnotes":""},"categories":[103,134],"tags":[],"class_list":["post-6486","post","type-post","status-publish","format-standard","hentry","category-articles","category-machines-a-coudre"],"acf":[],"yoast_head":"<!-- This site is optimized with the Yoast SEO Premium plugin v26.7 (Yoast SEO v27.2) - https:\/\/yoast.com\/product\/yoast-seo-premium-wordpress\/ -->\n<title>Machine \u00e0 coudre Singer : caract\u00e9ristiques, mod\u00e8les et prix des pi\u00e8ces d\u00e9tach\u00e9es - Fitex<\/title>\n<meta name=\"description\" content=\"Singer \u00e8 la storia dell\u2019eccellenza nel campo delle macchine da cucire industriali e domestiche: scopri di pi\u00f9 sulle caratteristiche dei suoi modelli e ricambi.\" \/>\n<meta name=\"robots\" content=\"index, follow, max-snippet:-1, max-image-preview:large, max-video-preview:-1\" \/>\n<link rel=\"canonical\" href=\"https:\/\/www.fitex.it\/fr\/macchina-per-cucire-singer-caratteristiche-modelli-e-prezzi-ricambi\/\" \/>\n<meta property=\"og:locale\" content=\"fr_FR\" \/>\n<meta property=\"og:type\" content=\"article\" \/>\n<meta property=\"og:title\" content=\"Machine \u00e0 coudre Singer : caract\u00e9ristiques, mod\u00e8les et prix des pi\u00e8ces d\u00e9tach\u00e9es\" \/>\n<meta property=\"og:description\" content=\"Singer \u00e8 la storia dell\u2019eccellenza nel campo delle macchine da cucire industriali e domestiche: scopri di pi\u00f9 sulle caratteristiche dei suoi modelli e ricambi.\" \/>\n<meta property=\"og:url\" content=\"https:\/\/www.fitex.it\/fr\/macchina-per-cucire-singer-caratteristiche-modelli-e-prezzi-ricambi\/\" \/>\n<meta property=\"og:site_name\" content=\"Fitex\" \/>\n<meta property=\"article:author\" content=\"https:\/\/www.facebook.com\/nadia.leonarduzzi.3\" \/>\n<meta property=\"article:published_time\" content=\"2024-06-07T08:40:30+00:00\" \/>\n<meta property=\"article:modified_time\" content=\"2025-09-25T13:19:23+00:00\" \/>\n<meta name=\"author\" content=\"Nadia Leonarduzzi\" \/>\n<meta name=\"twitter:card\" content=\"summary_large_image\" \/>\n<meta name=\"twitter:label1\" content=\"\u00c9crit par\" \/>\n\t<meta name=\"twitter:data1\" content=\"Nadia Leonarduzzi\" \/>\n<script type=\"application\/ld+json\" class=\"yoast-schema-graph\">{\"@context\":\"https:\/\/schema.org\",\"@graph\":[{\"@type\":\"Article\",\"@id\":\"https:\/\/www.fitex.it\/fr\/macchina-per-cucire-singer-caratteristiche-modelli-e-prezzi-ricambi\/#article\",\"isPartOf\":{\"@id\":\"https:\/\/www.fitex.it\/fr\/macchina-per-cucire-singer-caratteristiche-modelli-e-prezzi-ricambi\/\"},\"author\":{\"name\":\"Nadia Leonarduzzi\",\"@id\":\"https:\/\/www.fitex.it\/fr\/#\/schema\/person\/63218a3ebda02d51cceeb007090e8f9d\"},\"headline\":\"Machine \u00e0 coudre Singer : caract\u00e9ristiques, mod\u00e8les et prix des pi\u00e8ces d\u00e9tach\u00e9es\",\"datePublished\":\"2024-06-07T08:40:30+00:00\",\"dateModified\":\"2025-09-25T13:19:23+00:00\",\"mainEntityOfPage\":{\"@id\":\"https:\/\/www.fitex.it\/fr\/macchina-per-cucire-singer-caratteristiche-modelli-e-prezzi-ricambi\/\"},\"wordCount\":15,\"commentCount\":0,\"publisher\":{\"@id\":\"https:\/\/www.fitex.it\/fr\/#organization\"},\"articleSection\":[\"Articles\",\"Machines \u00e0 coudre\"],\"inLanguage\":\"fr-FR\",\"potentialAction\":[{\"@type\":\"CommentAction\",\"name\":\"Comment\",\"target\":[\"https:\/\/www.fitex.it\/fr\/macchina-per-cucire-singer-caratteristiche-modelli-e-prezzi-ricambi\/#respond\"]}]},{\"@type\":\"WebPage\",\"@id\":\"https:\/\/www.fitex.it\/fr\/macchina-per-cucire-singer-caratteristiche-modelli-e-prezzi-ricambi\/\",\"url\":\"https:\/\/www.fitex.it\/fr\/macchina-per-cucire-singer-caratteristiche-modelli-e-prezzi-ricambi\/\",\"name\":\"Machine \u00e0 coudre Singer : caract\u00e9ristiques, mod\u00e8les et prix des pi\u00e8ces d\u00e9tach\u00e9es - Fitex\",\"isPartOf\":{\"@id\":\"https:\/\/www.fitex.it\/fr\/#website\"},\"datePublished\":\"2024-06-07T08:40:30+00:00\",\"dateModified\":\"2025-09-25T13:19:23+00:00\",\"description\":\"Singer \u00e8 la storia dell\u2019eccellenza nel campo delle macchine da cucire industriali e domestiche: scopri di pi\u00f9 sulle caratteristiche dei suoi modelli e ricambi.\",\"breadcrumb\":{\"@id\":\"https:\/\/www.fitex.it\/fr\/macchina-per-cucire-singer-caratteristiche-modelli-e-prezzi-ricambi\/#breadcrumb\"},\"inLanguage\":\"fr-FR\",\"potentialAction\":[{\"@type\":\"ReadAction\",\"target\":[\"https:\/\/www.fitex.it\/fr\/macchina-per-cucire-singer-caratteristiche-modelli-e-prezzi-ricambi\/\"]}]},{\"@type\":\"BreadcrumbList\",\"@id\":\"https:\/\/www.fitex.it\/fr\/macchina-per-cucire-singer-caratteristiche-modelli-e-prezzi-ricambi\/#breadcrumb\",\"itemListElement\":[{\"@type\":\"ListItem\",\"position\":1,\"name\":\"Home\",\"item\":\"https:\/\/www.fitex.it\/fr\/\"},{\"@type\":\"ListItem\",\"position\":2,\"name\":\"Articles\",\"item\":\"https:\/\/www.fitex.it\/fr\/category\/articles\/\"},{\"@type\":\"ListItem\",\"position\":3,\"name\":\"Machine \u00e0 coudre Singer : caract\u00e9ristiques, mod\u00e8les et prix des pi\u00e8ces d\u00e9tach\u00e9es\"}]},{\"@type\":\"WebSite\",\"@id\":\"https:\/\/www.fitex.it\/fr\/#website\",\"url\":\"https:\/\/www.fitex.it\/fr\/\",\"name\":\"Fitex\",\"description\":\"\",\"publisher\":{\"@id\":\"https:\/\/www.fitex.it\/fr\/#organization\"},\"potentialAction\":[{\"@type\":\"SearchAction\",\"target\":{\"@type\":\"EntryPoint\",\"urlTemplate\":\"https:\/\/www.fitex.it\/fr\/?s={search_term_string}\"},\"query-input\":{\"@type\":\"PropertyValueSpecification\",\"valueRequired\":true,\"valueName\":\"search_term_string\"}}],\"inLanguage\":\"fr-FR\"},{\"@type\":\"Organization\",\"@id\":\"https:\/\/www.fitex.it\/fr\/#organization\",\"name\":\"Fitex\",\"url\":\"https:\/\/www.fitex.it\/fr\/\",\"logo\":{\"@type\":\"ImageObject\",\"inLanguage\":\"fr-FR\",\"@id\":\"https:\/\/www.fitex.it\/fr\/#\/schema\/logo\/image\/\",\"url\":\"https:\/\/fitex.it\/wp-content\/uploads\/2024\/07\/1646217215890_FITEX-20HD-20LOGO-1-scaled.jpg\",\"contentUrl\":\"https:\/\/fitex.it\/wp-content\/uploads\/2024\/07\/1646217215890_FITEX-20HD-20LOGO-1-scaled.jpg\",\"width\":2560,\"height\":723,\"caption\":\"Fitex\"},\"image\":{\"@id\":\"https:\/\/www.fitex.it\/fr\/#\/schema\/logo\/image\/\"}},{\"@type\":\"Person\",\"@id\":\"https:\/\/www.fitex.it\/fr\/#\/schema\/person\/63218a3ebda02d51cceeb007090e8f9d\",\"name\":\"Nadia Leonarduzzi\",\"image\":{\"@type\":\"ImageObject\",\"inLanguage\":\"fr-FR\",\"@id\":\"https:\/\/secure.gravatar.com\/avatar\/3bed15ddc29428892d723f7f6f48955515217095d969457ea45d2fad46b8598b?s=96&d=mm&r=g\",\"url\":\"https:\/\/secure.gravatar.com\/avatar\/3bed15ddc29428892d723f7f6f48955515217095d969457ea45d2fad46b8598b?s=96&d=mm&r=g\",\"contentUrl\":\"https:\/\/secure.gravatar.com\/avatar\/3bed15ddc29428892d723f7f6f48955515217095d969457ea45d2fad46b8598b?s=96&d=mm&r=g\",\"caption\":\"Nadia Leonarduzzi\"},\"description\":\"Co-fondatrice e socia operativa della FITEX S.r.l., con oltre 25 anni di esperienza diretta nella gestione strategica di clienti, logistica internazionale, amministrazione e coordinamento del personale. Figura chiave nello sviluppo e nella crescita dell'azienda, ho costruito la mia professionalit\u00e0 sulla base di competenze tecniche approfondite e di un approccio estremamente pragmatico ed efficiente. Gestisco quotidianamente operazioni complesse a livello nazionale e internazionale, con una visione d'insieme che spazia dalla logistica doganale alla contabilit\u00e0, fino alla gestione delle risorse umane. Precisione, leadership, capacit\u00e0 di delega e attitudine al problem solving completano il mio profilo professionale\",\"sameAs\":[\"https:\/\/fitex.it\",\"https:\/\/www.facebook.com\/nadia.leonarduzzi.3\",\"https:\/\/www.instagram.com\/nleonarduzzi\"],\"url\":\"https:\/\/www.fitex.it\/fr\/author\/nadia-leonarduzzi\/\"}]}<\/script>\n<!-- \/ Yoast SEO Premium plugin. -->","yoast_head_json":{"title":"Machine \u00e0 coudre Singer : caract\u00e9ristiques, mod\u00e8les et prix des pi\u00e8ces d\u00e9tach\u00e9es - Fitex","description":"Singer \u00e8 la storia dell\u2019eccellenza nel campo delle macchine da cucire industriali e domestiche: scopri di pi\u00f9 sulle caratteristiche dei suoi modelli e ricambi.","robots":{"index":"index","follow":"follow","max-snippet":"max-snippet:-1","max-image-preview":"max-image-preview:large","max-video-preview":"max-video-preview:-1"},"canonical":"https:\/\/www.fitex.it\/fr\/macchina-per-cucire-singer-caratteristiche-modelli-e-prezzi-ricambi\/","og_locale":"fr_FR","og_type":"article","og_title":"Machine \u00e0 coudre Singer : caract\u00e9ristiques, mod\u00e8les et prix des pi\u00e8ces d\u00e9tach\u00e9es","og_description":"Singer \u00e8 la storia dell\u2019eccellenza nel campo delle macchine da cucire industriali e domestiche: scopri di pi\u00f9 sulle caratteristiche dei suoi modelli e ricambi.","og_url":"https:\/\/www.fitex.it\/fr\/macchina-per-cucire-singer-caratteristiche-modelli-e-prezzi-ricambi\/","og_site_name":"Fitex","article_author":"https:\/\/www.facebook.com\/nadia.leonarduzzi.3","article_published_time":"2024-06-07T08:40:30+00:00","article_modified_time":"2025-09-25T13:19:23+00:00","author":"Nadia Leonarduzzi","twitter_card":"summary_large_image","twitter_misc":{"\u00c9crit par":"Nadia Leonarduzzi"},"schema":{"@context":"https:\/\/schema.org","@graph":[{"@type":"Article","@id":"https:\/\/www.fitex.it\/fr\/macchina-per-cucire-singer-caratteristiche-modelli-e-prezzi-ricambi\/#article","isPartOf":{"@id":"https:\/\/www.fitex.it\/fr\/macchina-per-cucire-singer-caratteristiche-modelli-e-prezzi-ricambi\/"},"author":{"name":"Nadia Leonarduzzi","@id":"https:\/\/www.fitex.it\/fr\/#\/schema\/person\/63218a3ebda02d51cceeb007090e8f9d"},"headline":"Machine \u00e0 coudre Singer : caract\u00e9ristiques, mod\u00e8les et prix des pi\u00e8ces d\u00e9tach\u00e9es","datePublished":"2024-06-07T08:40:30+00:00","dateModified":"2025-09-25T13:19:23+00:00","mainEntityOfPage":{"@id":"https:\/\/www.fitex.it\/fr\/macchina-per-cucire-singer-caratteristiche-modelli-e-prezzi-ricambi\/"},"wordCount":15,"commentCount":0,"publisher":{"@id":"https:\/\/www.fitex.it\/fr\/#organization"},"articleSection":["Articles","Machines \u00e0 coudre"],"inLanguage":"fr-FR","potentialAction":[{"@type":"CommentAction","name":"Comment","target":["https:\/\/www.fitex.it\/fr\/macchina-per-cucire-singer-caratteristiche-modelli-e-prezzi-ricambi\/#respond"]}]},{"@type":"WebPage","@id":"https:\/\/www.fitex.it\/fr\/macchina-per-cucire-singer-caratteristiche-modelli-e-prezzi-ricambi\/","url":"https:\/\/www.fitex.it\/fr\/macchina-per-cucire-singer-caratteristiche-modelli-e-prezzi-ricambi\/","name":"Machine \u00e0 coudre Singer : caract\u00e9ristiques, mod\u00e8les et prix des pi\u00e8ces d\u00e9tach\u00e9es - Fitex","isPartOf":{"@id":"https:\/\/www.fitex.it\/fr\/#website"},"datePublished":"2024-06-07T08:40:30+00:00","dateModified":"2025-09-25T13:19:23+00:00","description":"Singer \u00e8 la storia dell\u2019eccellenza nel campo delle macchine da cucire industriali e domestiche: scopri di pi\u00f9 sulle caratteristiche dei suoi modelli e ricambi.","breadcrumb":{"@id":"https:\/\/www.fitex.it\/fr\/macchina-per-cucire-singer-caratteristiche-modelli-e-prezzi-ricambi\/#breadcrumb"},"inLanguage":"fr-FR","potentialAction":[{"@type":"ReadAction","target":["https:\/\/www.fitex.it\/fr\/macchina-per-cucire-singer-caratteristiche-modelli-e-prezzi-ricambi\/"]}]},{"@type":"BreadcrumbList","@id":"https:\/\/www.fitex.it\/fr\/macchina-per-cucire-singer-caratteristiche-modelli-e-prezzi-ricambi\/#breadcrumb","itemListElement":[{"@type":"ListItem","position":1,"name":"Home","item":"https:\/\/www.fitex.it\/fr\/"},{"@type":"ListItem","position":2,"name":"Articles","item":"https:\/\/www.fitex.it\/fr\/category\/articles\/"},{"@type":"ListItem","position":3,"name":"Machine \u00e0 coudre Singer : caract\u00e9ristiques, mod\u00e8les et prix des pi\u00e8ces d\u00e9tach\u00e9es"}]},{"@type":"WebSite","@id":"https:\/\/www.fitex.it\/fr\/#website","url":"https:\/\/www.fitex.it\/fr\/","name":"Fitex","description":"","publisher":{"@id":"https:\/\/www.fitex.it\/fr\/#organization"},"potentialAction":[{"@type":"SearchAction","target":{"@type":"EntryPoint","urlTemplate":"https:\/\/www.fitex.it\/fr\/?s={search_term_string}"},"query-input":{"@type":"PropertyValueSpecification","valueRequired":true,"valueName":"search_term_string"}}],"inLanguage":"fr-FR"},{"@type":"Organization","@id":"https:\/\/www.fitex.it\/fr\/#organization","name":"Fitex","url":"https:\/\/www.fitex.it\/fr\/","logo":{"@type":"ImageObject","inLanguage":"fr-FR","@id":"https:\/\/www.fitex.it\/fr\/#\/schema\/logo\/image\/","url":"https:\/\/fitex.it\/wp-content\/uploads\/2024\/07\/1646217215890_FITEX-20HD-20LOGO-1-scaled.jpg","contentUrl":"https:\/\/fitex.it\/wp-content\/uploads\/2024\/07\/1646217215890_FITEX-20HD-20LOGO-1-scaled.jpg","width":2560,"height":723,"caption":"Fitex"},"image":{"@id":"https:\/\/www.fitex.it\/fr\/#\/schema\/logo\/image\/"}},{"@type":"Person","@id":"https:\/\/www.fitex.it\/fr\/#\/schema\/person\/63218a3ebda02d51cceeb007090e8f9d","name":"Nadia Leonarduzzi","image":{"@type":"ImageObject","inLanguage":"fr-FR","@id":"https:\/\/secure.gravatar.com\/avatar\/3bed15ddc29428892d723f7f6f48955515217095d969457ea45d2fad46b8598b?s=96&d=mm&r=g","url":"https:\/\/secure.gravatar.com\/avatar\/3bed15ddc29428892d723f7f6f48955515217095d969457ea45d2fad46b8598b?s=96&d=mm&r=g","contentUrl":"https:\/\/secure.gravatar.com\/avatar\/3bed15ddc29428892d723f7f6f48955515217095d969457ea45d2fad46b8598b?s=96&d=mm&r=g","caption":"Nadia Leonarduzzi"},"description":"Co-fondatrice e socia operativa della FITEX S.r.l., con oltre 25 anni di esperienza diretta nella gestione strategica di clienti, logistica internazionale, amministrazione e coordinamento del personale. Figura chiave nello sviluppo e nella crescita dell'azienda, ho costruito la mia professionalit\u00e0 sulla base di competenze tecniche approfondite e di un approccio estremamente pragmatico ed efficiente. Gestisco quotidianamente operazioni complesse a livello nazionale e internazionale, con una visione d'insieme che spazia dalla logistica doganale alla contabilit\u00e0, fino alla gestione delle risorse umane. Precisione, leadership, capacit\u00e0 di delega e attitudine al problem solving completano il mio profilo professionale","sameAs":["https:\/\/fitex.it","https:\/\/www.facebook.com\/nadia.leonarduzzi.3","https:\/\/www.instagram.com\/nleonarduzzi"],"url":"https:\/\/www.fitex.it\/fr\/author\/nadia-leonarduzzi\/"}]}},"_links":{"self":[{"href":"https:\/\/www.fitex.it\/fr\/wp-json\/wp\/v2\/posts\/6486","targetHints":{"allow":["GET"]}}],"collection":[{"href":"https:\/\/www.fitex.it\/fr\/wp-json\/wp\/v2\/posts"}],"about":[{"href":"https:\/\/www.fitex.it\/fr\/wp-json\/wp\/v2\/types\/post"}],"author":[{"embeddable":true,"href":"https:\/\/www.fitex.it\/fr\/wp-json\/wp\/v2\/users\/6"}],"replies":[{"embeddable":true,"href":"https:\/\/www.fitex.it\/fr\/wp-json\/wp\/v2\/comments?post=6486"}],"version-history":[{"count":2,"href":"https:\/\/www.fitex.it\/fr\/wp-json\/wp\/v2\/posts\/6486\/revisions"}],"predecessor-version":[{"id":6488,"href":"https:\/\/www.fitex.it\/fr\/wp-json\/wp\/v2\/posts\/6486\/revisions\/6488"}],"wp:attachment":[{"href":"https:\/\/www.fitex.it\/fr\/wp-json\/wp\/v2\/media?parent=6486"}],"wp:term":[{"taxonomy":"category","embeddable":true,"href":"https:\/\/www.fitex.it\/fr\/wp-json\/wp\/v2\/categories?post=6486"},{"taxonomy":"post_tag","embeddable":true,"href":"https:\/\/www.fitex.it\/fr\/wp-json\/wp\/v2\/tags?post=6486"}],"curies":[{"name":"wp","href":"https:\/\/api.w.org\/{rel}","templated":true}]}}