{"id":13206,"date":"2025-11-26T11:45:50","date_gmt":"2025-11-26T10:45:50","guid":{"rendered":"https:\/\/fitex.it\/?p=13206"},"modified":"2025-11-26T11:45:50","modified_gmt":"2025-11-26T10:45:50","slug":"come-usare-un-manichino-da-sartoria-per-creare-abiti-perfetti-tecniche-e-consigli","status":"publish","type":"post","link":"https:\/\/www.fitex.it\/it\/come-usare-un-manichino-da-sartoria-per-creare-abiti-perfetti-tecniche-e-consigli\/","title":{"rendered":"Come usare un manichino da sartoria per creare abiti perfetti: tecniche e consigli"},"content":{"rendered":"","protected":false},"excerpt":{"rendered":"","protected":false},"author":2,"featured_media":10464,"comment_status":"open","ping_status":"open","sticky":false,"template":"","format":"standard","meta":{"_acf_changed":false,"inline_featured_image":false,"footnotes":""},"categories":[118,101],"tags":[809],"class_list":["post-13206","post","type-post","status-publish","format-standard","has-post-thumbnail","hentry","category-accessori-sartoria","category-articoli","tag-come-usare-il-manichino-da-sartoria-e-gli-errori-da-evitare"],"acf":[],"yoast_head":"<!-- This site is optimized with the Yoast SEO Premium plugin v26.7 (Yoast SEO v27.2) - https:\/\/yoast.com\/product\/yoast-seo-premium-wordpress\/ -->\n<title>Come usare un manichino da sartoria per creare abiti perfetti<\/title>\n<meta name=\"description\" content=\"Come far s\u00ec che gli abiti su misura abbiano una vestibilit\u00e0 perfetta? La risposta \u00e8 nel manichino da sartoria. Scopri come usarlo al meglio.\" \/>\n<meta name=\"robots\" content=\"index, follow, max-snippet:-1, max-image-preview:large, max-video-preview:-1\" \/>\n<link rel=\"canonical\" href=\"https:\/\/www.fitex.it\/it\/come-usare-un-manichino-da-sartoria-per-creare-abiti-perfetti-tecniche-e-consigli\/\" \/>\n<meta property=\"og:locale\" content=\"it_IT\" \/>\n<meta property=\"og:type\" content=\"article\" \/>\n<meta property=\"og:title\" content=\"Come usare un manichino da sartoria per creare abiti perfetti: tecniche e consigli\" \/>\n<meta property=\"og:description\" content=\"Come far s\u00ec che gli abiti su misura abbiano una vestibilit\u00e0 perfetta? La risposta \u00e8 nel manichino da sartoria. Scopri come usarlo al meglio.\" \/>\n<meta property=\"og:url\" content=\"https:\/\/www.fitex.it\/it\/come-usare-un-manichino-da-sartoria-per-creare-abiti-perfetti-tecniche-e-consigli\/\" \/>\n<meta property=\"og:site_name\" content=\"Fitex\" \/>\n<meta property=\"article:published_time\" content=\"2025-11-26T10:45:50+00:00\" \/>\n<meta property=\"og:image\" content=\"https:\/\/www.fitex.it\/wp-content\/uploads\/2025\/04\/Manichini-Estensibili.jpg\" \/>\n\t<meta property=\"og:image:width\" content=\"660\" \/>\n\t<meta property=\"og:image:height\" content=\"693\" \/>\n\t<meta property=\"og:image:type\" content=\"image\/jpeg\" \/>\n<meta name=\"author\" content=\"Fabio Spizzico\" \/>\n<meta name=\"twitter:card\" content=\"summary_large_image\" \/>\n<meta name=\"twitter:title\" content=\"Come usare un manichino da sartoria per creare abiti perfetti: tecniche e consigli\" \/>\n<meta name=\"twitter:label1\" content=\"Scritto da\" \/>\n\t<meta name=\"twitter:data1\" content=\"Fabio Spizzico\" \/>\n\t<meta name=\"twitter:label2\" content=\"Tempo di lettura stimato\" \/>\n\t<meta name=\"twitter:data2\" content=\"1 minuto\" \/>\n<script type=\"application\/ld+json\" class=\"yoast-schema-graph\">{\"@context\":\"https:\/\/schema.org\",\"@graph\":[{\"@type\":\"Article\",\"@id\":\"https:\/\/www.fitex.it\/it\/come-usare-un-manichino-da-sartoria-per-creare-abiti-perfetti-tecniche-e-consigli\/#article\",\"isPartOf\":{\"@id\":\"https:\/\/www.fitex.it\/it\/come-usare-un-manichino-da-sartoria-per-creare-abiti-perfetti-tecniche-e-consigli\/\"},\"author\":{\"name\":\"Fabio Spizzico\",\"@id\":\"https:\/\/www.fitex.it\/it\/#\/schema\/person\/3c9f7a43da8640c181f9e70f94cddc21\"},\"headline\":\"Come usare un manichino da sartoria per creare abiti perfetti: tecniche e consigli\",\"datePublished\":\"2025-11-26T10:45:50+00:00\",\"mainEntityOfPage\":{\"@id\":\"https:\/\/www.fitex.it\/it\/come-usare-un-manichino-da-sartoria-per-creare-abiti-perfetti-tecniche-e-consigli\/\"},\"wordCount\":13,\"commentCount\":0,\"publisher\":{\"@id\":\"https:\/\/www.fitex.it\/it\/#organization\"},\"image\":{\"@id\":\"https:\/\/www.fitex.it\/it\/come-usare-un-manichino-da-sartoria-per-creare-abiti-perfetti-tecniche-e-consigli\/#primaryimage\"},\"thumbnailUrl\":\"https:\/\/www.fitex.it\/wp-content\/uploads\/2025\/04\/Manichini-Estensibili.jpg\",\"keywords\":[\"Come usare il manichino da sartoria e gli errori da evitare\"],\"articleSection\":[\"Accessori Sartoria\",\"Articoli\"],\"inLanguage\":\"it-IT\",\"potentialAction\":[{\"@type\":\"CommentAction\",\"name\":\"Comment\",\"target\":[\"https:\/\/www.fitex.it\/it\/come-usare-un-manichino-da-sartoria-per-creare-abiti-perfetti-tecniche-e-consigli\/#respond\"]}]},{\"@type\":\"WebPage\",\"@id\":\"https:\/\/www.fitex.it\/it\/come-usare-un-manichino-da-sartoria-per-creare-abiti-perfetti-tecniche-e-consigli\/\",\"url\":\"https:\/\/www.fitex.it\/it\/come-usare-un-manichino-da-sartoria-per-creare-abiti-perfetti-tecniche-e-consigli\/\",\"name\":\"Come usare un manichino da sartoria per creare abiti perfetti\",\"isPartOf\":{\"@id\":\"https:\/\/www.fitex.it\/it\/#website\"},\"primaryImageOfPage\":{\"@id\":\"https:\/\/www.fitex.it\/it\/come-usare-un-manichino-da-sartoria-per-creare-abiti-perfetti-tecniche-e-consigli\/#primaryimage\"},\"image\":{\"@id\":\"https:\/\/www.fitex.it\/it\/come-usare-un-manichino-da-sartoria-per-creare-abiti-perfetti-tecniche-e-consigli\/#primaryimage\"},\"thumbnailUrl\":\"https:\/\/www.fitex.it\/wp-content\/uploads\/2025\/04\/Manichini-Estensibili.jpg\",\"datePublished\":\"2025-11-26T10:45:50+00:00\",\"description\":\"Come far s\u00ec che gli abiti su misura abbiano una vestibilit\u00e0 perfetta? La risposta \u00e8 nel manichino da sartoria. Scopri come usarlo al meglio.\",\"breadcrumb\":{\"@id\":\"https:\/\/www.fitex.it\/it\/come-usare-un-manichino-da-sartoria-per-creare-abiti-perfetti-tecniche-e-consigli\/#breadcrumb\"},\"inLanguage\":\"it-IT\",\"potentialAction\":[{\"@type\":\"ReadAction\",\"target\":[\"https:\/\/www.fitex.it\/it\/come-usare-un-manichino-da-sartoria-per-creare-abiti-perfetti-tecniche-e-consigli\/\"]}]},{\"@type\":\"ImageObject\",\"inLanguage\":\"it-IT\",\"@id\":\"https:\/\/www.fitex.it\/it\/come-usare-un-manichino-da-sartoria-per-creare-abiti-perfetti-tecniche-e-consigli\/#primaryimage\",\"url\":\"https:\/\/www.fitex.it\/wp-content\/uploads\/2025\/04\/Manichini-Estensibili.jpg\",\"contentUrl\":\"https:\/\/www.fitex.it\/wp-content\/uploads\/2025\/04\/Manichini-Estensibili.jpg\",\"width\":660,\"height\":693,\"caption\":\"Manichino da sartoria\"},{\"@type\":\"BreadcrumbList\",\"@id\":\"https:\/\/www.fitex.it\/it\/come-usare-un-manichino-da-sartoria-per-creare-abiti-perfetti-tecniche-e-consigli\/#breadcrumb\",\"itemListElement\":[{\"@type\":\"ListItem\",\"position\":1,\"name\":\"Home\",\"item\":\"https:\/\/www.fitex.it\/it\/\"},{\"@type\":\"ListItem\",\"position\":2,\"name\":\"Articoli\",\"item\":\"https:\/\/www.fitex.it\/it\/category\/articoli\/\"},{\"@type\":\"ListItem\",\"position\":3,\"name\":\"Come usare un manichino da sartoria per creare abiti perfetti: tecniche e consigli\"}]},{\"@type\":\"WebSite\",\"@id\":\"https:\/\/www.fitex.it\/it\/#website\",\"url\":\"https:\/\/www.fitex.it\/it\/\",\"name\":\"Fitex\",\"description\":\"\",\"publisher\":{\"@id\":\"https:\/\/www.fitex.it\/it\/#organization\"},\"potentialAction\":[{\"@type\":\"SearchAction\",\"target\":{\"@type\":\"EntryPoint\",\"urlTemplate\":\"https:\/\/www.fitex.it\/it\/?s={search_term_string}\"},\"query-input\":{\"@type\":\"PropertyValueSpecification\",\"valueRequired\":true,\"valueName\":\"search_term_string\"}}],\"inLanguage\":\"it-IT\"},{\"@type\":\"Organization\",\"@id\":\"https:\/\/www.fitex.it\/it\/#organization\",\"name\":\"Fitex\",\"url\":\"https:\/\/www.fitex.it\/it\/\",\"logo\":{\"@type\":\"ImageObject\",\"inLanguage\":\"it-IT\",\"@id\":\"https:\/\/www.fitex.it\/it\/#\/schema\/logo\/image\/\",\"url\":\"https:\/\/fitex.it\/wp-content\/uploads\/2024\/07\/1646217215890_FITEX-20HD-20LOGO-1-scaled.jpg\",\"contentUrl\":\"https:\/\/fitex.it\/wp-content\/uploads\/2024\/07\/1646217215890_FITEX-20HD-20LOGO-1-scaled.jpg\",\"width\":2560,\"height\":723,\"caption\":\"Fitex\"},\"image\":{\"@id\":\"https:\/\/www.fitex.it\/it\/#\/schema\/logo\/image\/\"}},{\"@type\":\"Person\",\"@id\":\"https:\/\/www.fitex.it\/it\/#\/schema\/person\/3c9f7a43da8640c181f9e70f94cddc21\",\"name\":\"Fabio Spizzico\",\"image\":{\"@type\":\"ImageObject\",\"inLanguage\":\"it-IT\",\"@id\":\"https:\/\/secure.gravatar.com\/avatar\/5e066426afcde536f31932961242fe38e82d9d22a33ea474e024d8ba29280b76?s=96&d=mm&r=g\",\"url\":\"https:\/\/secure.gravatar.com\/avatar\/5e066426afcde536f31932961242fe38e82d9d22a33ea474e024d8ba29280b76?s=96&d=mm&r=g\",\"contentUrl\":\"https:\/\/secure.gravatar.com\/avatar\/5e066426afcde536f31932961242fe38e82d9d22a33ea474e024d8ba29280b76?s=96&d=mm&r=g\",\"caption\":\"Fabio Spizzico\"},\"description\":\"Grafico e Social Media Manager dell'azienda Fitex S.r.l. Ho conseguito gli studi artistici prima al liceo e poi direttamente all'Accademia di Brera, dove ho conseguito la Laurea Triennale in Studi Scenografici per Teatro, Cinema e Televisione. Nella mia piccola carriera lavorativa, ho dato il mio supporto a diversi progetti indipendenti, fino ad arrivare a fare un'esperienza teatrale nel campo dei Villaggi turistici come scenografo ed allestitore dei vari spettacoli che proponeva la compagnia. Conseguendo studi indipendenti da Grafico e Design, sono arrivato in questa realt\u00e0 da ormai 3 anni Il mondo del cucito industriale ha portato, finora, nella mia esperienza, diverse visioni del mio lavoro, imparando che la creativit\u00e0 e l'arte possono passare anche per motivi differenti dalle solite correnti presentataci, come ad esempio il cucito e la sartoria.\",\"url\":\"https:\/\/www.fitex.it\/it\/author\/fabio\/\"}]}<\/script>\n<!-- \/ Yoast SEO Premium plugin. -->","yoast_head_json":{"title":"Come usare un manichino da sartoria per creare abiti perfetti","description":"Come far s\u00ec che gli abiti su misura abbiano una vestibilit\u00e0 perfetta? La risposta \u00e8 nel manichino da sartoria. Scopri come usarlo al meglio.","robots":{"index":"index","follow":"follow","max-snippet":"max-snippet:-1","max-image-preview":"max-image-preview:large","max-video-preview":"max-video-preview:-1"},"canonical":"https:\/\/www.fitex.it\/it\/come-usare-un-manichino-da-sartoria-per-creare-abiti-perfetti-tecniche-e-consigli\/","og_locale":"it_IT","og_type":"article","og_title":"Come usare un manichino da sartoria per creare abiti perfetti: tecniche e consigli","og_description":"Come far s\u00ec che gli abiti su misura abbiano una vestibilit\u00e0 perfetta? La risposta \u00e8 nel manichino da sartoria. Scopri come usarlo al meglio.","og_url":"https:\/\/www.fitex.it\/it\/come-usare-un-manichino-da-sartoria-per-creare-abiti-perfetti-tecniche-e-consigli\/","og_site_name":"Fitex","article_published_time":"2025-11-26T10:45:50+00:00","og_image":[{"width":660,"height":693,"url":"https:\/\/www.fitex.it\/wp-content\/uploads\/2025\/04\/Manichini-Estensibili.jpg","type":"image\/jpeg"}],"author":"Fabio Spizzico","twitter_card":"summary_large_image","twitter_title":"Come usare un manichino da sartoria per creare abiti perfetti: tecniche e consigli","twitter_misc":{"Scritto da":"Fabio Spizzico","Tempo di lettura stimato":"1 minuto"},"schema":{"@context":"https:\/\/schema.org","@graph":[{"@type":"Article","@id":"https:\/\/www.fitex.it\/it\/come-usare-un-manichino-da-sartoria-per-creare-abiti-perfetti-tecniche-e-consigli\/#article","isPartOf":{"@id":"https:\/\/www.fitex.it\/it\/come-usare-un-manichino-da-sartoria-per-creare-abiti-perfetti-tecniche-e-consigli\/"},"author":{"name":"Fabio Spizzico","@id":"https:\/\/www.fitex.it\/it\/#\/schema\/person\/3c9f7a43da8640c181f9e70f94cddc21"},"headline":"Come usare un manichino da sartoria per creare abiti perfetti: tecniche e consigli","datePublished":"2025-11-26T10:45:50+00:00","mainEntityOfPage":{"@id":"https:\/\/www.fitex.it\/it\/come-usare-un-manichino-da-sartoria-per-creare-abiti-perfetti-tecniche-e-consigli\/"},"wordCount":13,"commentCount":0,"publisher":{"@id":"https:\/\/www.fitex.it\/it\/#organization"},"image":{"@id":"https:\/\/www.fitex.it\/it\/come-usare-un-manichino-da-sartoria-per-creare-abiti-perfetti-tecniche-e-consigli\/#primaryimage"},"thumbnailUrl":"https:\/\/www.fitex.it\/wp-content\/uploads\/2025\/04\/Manichini-Estensibili.jpg","keywords":["Come usare il manichino da sartoria e gli errori da evitare"],"articleSection":["Accessori Sartoria","Articoli"],"inLanguage":"it-IT","potentialAction":[{"@type":"CommentAction","name":"Comment","target":["https:\/\/www.fitex.it\/it\/come-usare-un-manichino-da-sartoria-per-creare-abiti-perfetti-tecniche-e-consigli\/#respond"]}]},{"@type":"WebPage","@id":"https:\/\/www.fitex.it\/it\/come-usare-un-manichino-da-sartoria-per-creare-abiti-perfetti-tecniche-e-consigli\/","url":"https:\/\/www.fitex.it\/it\/come-usare-un-manichino-da-sartoria-per-creare-abiti-perfetti-tecniche-e-consigli\/","name":"Come usare un manichino da sartoria per creare abiti perfetti","isPartOf":{"@id":"https:\/\/www.fitex.it\/it\/#website"},"primaryImageOfPage":{"@id":"https:\/\/www.fitex.it\/it\/come-usare-un-manichino-da-sartoria-per-creare-abiti-perfetti-tecniche-e-consigli\/#primaryimage"},"image":{"@id":"https:\/\/www.fitex.it\/it\/come-usare-un-manichino-da-sartoria-per-creare-abiti-perfetti-tecniche-e-consigli\/#primaryimage"},"thumbnailUrl":"https:\/\/www.fitex.it\/wp-content\/uploads\/2025\/04\/Manichini-Estensibili.jpg","datePublished":"2025-11-26T10:45:50+00:00","description":"Come far s\u00ec che gli abiti su misura abbiano una vestibilit\u00e0 perfetta? La risposta \u00e8 nel manichino da sartoria. Scopri come usarlo al meglio.","breadcrumb":{"@id":"https:\/\/www.fitex.it\/it\/come-usare-un-manichino-da-sartoria-per-creare-abiti-perfetti-tecniche-e-consigli\/#breadcrumb"},"inLanguage":"it-IT","potentialAction":[{"@type":"ReadAction","target":["https:\/\/www.fitex.it\/it\/come-usare-un-manichino-da-sartoria-per-creare-abiti-perfetti-tecniche-e-consigli\/"]}]},{"@type":"ImageObject","inLanguage":"it-IT","@id":"https:\/\/www.fitex.it\/it\/come-usare-un-manichino-da-sartoria-per-creare-abiti-perfetti-tecniche-e-consigli\/#primaryimage","url":"https:\/\/www.fitex.it\/wp-content\/uploads\/2025\/04\/Manichini-Estensibili.jpg","contentUrl":"https:\/\/www.fitex.it\/wp-content\/uploads\/2025\/04\/Manichini-Estensibili.jpg","width":660,"height":693,"caption":"Manichino da sartoria"},{"@type":"BreadcrumbList","@id":"https:\/\/www.fitex.it\/it\/come-usare-un-manichino-da-sartoria-per-creare-abiti-perfetti-tecniche-e-consigli\/#breadcrumb","itemListElement":[{"@type":"ListItem","position":1,"name":"Home","item":"https:\/\/www.fitex.it\/it\/"},{"@type":"ListItem","position":2,"name":"Articoli","item":"https:\/\/www.fitex.it\/it\/category\/articoli\/"},{"@type":"ListItem","position":3,"name":"Come usare un manichino da sartoria per creare abiti perfetti: tecniche e consigli"}]},{"@type":"WebSite","@id":"https:\/\/www.fitex.it\/it\/#website","url":"https:\/\/www.fitex.it\/it\/","name":"Fitex","description":"","publisher":{"@id":"https:\/\/www.fitex.it\/it\/#organization"},"potentialAction":[{"@type":"SearchAction","target":{"@type":"EntryPoint","urlTemplate":"https:\/\/www.fitex.it\/it\/?s={search_term_string}"},"query-input":{"@type":"PropertyValueSpecification","valueRequired":true,"valueName":"search_term_string"}}],"inLanguage":"it-IT"},{"@type":"Organization","@id":"https:\/\/www.fitex.it\/it\/#organization","name":"Fitex","url":"https:\/\/www.fitex.it\/it\/","logo":{"@type":"ImageObject","inLanguage":"it-IT","@id":"https:\/\/www.fitex.it\/it\/#\/schema\/logo\/image\/","url":"https:\/\/fitex.it\/wp-content\/uploads\/2024\/07\/1646217215890_FITEX-20HD-20LOGO-1-scaled.jpg","contentUrl":"https:\/\/fitex.it\/wp-content\/uploads\/2024\/07\/1646217215890_FITEX-20HD-20LOGO-1-scaled.jpg","width":2560,"height":723,"caption":"Fitex"},"image":{"@id":"https:\/\/www.fitex.it\/it\/#\/schema\/logo\/image\/"}},{"@type":"Person","@id":"https:\/\/www.fitex.it\/it\/#\/schema\/person\/3c9f7a43da8640c181f9e70f94cddc21","name":"Fabio Spizzico","image":{"@type":"ImageObject","inLanguage":"it-IT","@id":"https:\/\/secure.gravatar.com\/avatar\/5e066426afcde536f31932961242fe38e82d9d22a33ea474e024d8ba29280b76?s=96&d=mm&r=g","url":"https:\/\/secure.gravatar.com\/avatar\/5e066426afcde536f31932961242fe38e82d9d22a33ea474e024d8ba29280b76?s=96&d=mm&r=g","contentUrl":"https:\/\/secure.gravatar.com\/avatar\/5e066426afcde536f31932961242fe38e82d9d22a33ea474e024d8ba29280b76?s=96&d=mm&r=g","caption":"Fabio Spizzico"},"description":"Grafico e Social Media Manager dell'azienda Fitex S.r.l. Ho conseguito gli studi artistici prima al liceo e poi direttamente all'Accademia di Brera, dove ho conseguito la Laurea Triennale in Studi Scenografici per Teatro, Cinema e Televisione. Nella mia piccola carriera lavorativa, ho dato il mio supporto a diversi progetti indipendenti, fino ad arrivare a fare un'esperienza teatrale nel campo dei Villaggi turistici come scenografo ed allestitore dei vari spettacoli che proponeva la compagnia. Conseguendo studi indipendenti da Grafico e Design, sono arrivato in questa realt\u00e0 da ormai 3 anni Il mondo del cucito industriale ha portato, finora, nella mia esperienza, diverse visioni del mio lavoro, imparando che la creativit\u00e0 e l'arte possono passare anche per motivi differenti dalle solite correnti presentataci, come ad esempio il cucito e la sartoria.","url":"https:\/\/www.fitex.it\/it\/author\/fabio\/"}]}},"_links":{"self":[{"href":"https:\/\/www.fitex.it\/it\/wp-json\/wp\/v2\/posts\/13206","targetHints":{"allow":["GET"]}}],"collection":[{"href":"https:\/\/www.fitex.it\/it\/wp-json\/wp\/v2\/posts"}],"about":[{"href":"https:\/\/www.fitex.it\/it\/wp-json\/wp\/v2\/types\/post"}],"author":[{"embeddable":true,"href":"https:\/\/www.fitex.it\/it\/wp-json\/wp\/v2\/users\/2"}],"replies":[{"embeddable":true,"href":"https:\/\/www.fitex.it\/it\/wp-json\/wp\/v2\/comments?post=13206"}],"version-history":[{"count":2,"href":"https:\/\/www.fitex.it\/it\/wp-json\/wp\/v2\/posts\/13206\/revisions"}],"predecessor-version":[{"id":13208,"href":"https:\/\/www.fitex.it\/it\/wp-json\/wp\/v2\/posts\/13206\/revisions\/13208"}],"wp:featuredmedia":[{"embeddable":true,"href":"https:\/\/www.fitex.it\/it\/wp-json\/wp\/v2\/media\/10464"}],"wp:attachment":[{"href":"https:\/\/www.fitex.it\/it\/wp-json\/wp\/v2\/media?parent=13206"}],"wp:term":[{"taxonomy":"category","embeddable":true,"href":"https:\/\/www.fitex.it\/it\/wp-json\/wp\/v2\/categories?post=13206"},{"taxonomy":"post_tag","embeddable":true,"href":"https:\/\/www.fitex.it\/it\/wp-json\/wp\/v2\/tags?post=13206"}],"curies":[{"name":"wp","href":"https:\/\/api.w.org\/{rel}","templated":true}]}}